{"id":899,"date":"2011-06-30T22:49:21","date_gmt":"2011-07-01T03:49:21","guid":{"rendered":"http:\/\/randonnee.effetdesurprise.qc.ca\/?p=899"},"modified":"2011-07-01T07:06:19","modified_gmt":"2011-07-01T12:06:19","slug":"rien-ne-se-perd-tout-se-transforme","status":"publish","type":"post","link":"https:\/\/randonnee.effetdesurprise.qc.ca\/?p=899","title":{"rendered":"Rien ne se perd, tout se transforme."},"content":{"rendered":"<p style=\"text-align: justify;\"><a href=\"http:\/\/randonnee.effetdesurprise.qc.ca\/wp-content\/uploads\/2011\/06\/oizo_prevert.jpg\"><img decoding=\"async\" loading=\"lazy\" class=\"alignleft size-thumbnail wp-image-900\" title=\"oizo_prevert\" src=\"http:\/\/randonnee.effetdesurprise.qc.ca\/wp-content\/uploads\/2011\/06\/oizo_prevert-150x150.jpg\" alt=\"\" width=\"150\" height=\"150\" \/><\/a>Inspir\u00e9e par mon amie Monique Le Pailleur (alias <a href=\"http:\/\/twitter.com\/#!\/aurise\" target=\"_blank\">@Aurise<\/a> sur Twitter) et ses d\u00e9fis d&rsquo;\u00e9criture collaborative des derniers mois (<a href=\"http:\/\/eclectico.effetdesurprise.qc.ca\/?p=1612\" target=\"_blank\">FictionBD<\/a> et <a href=\"http:\/\/eclectico.effetdesurprise.qc.ca\/?p=1616\" target=\"_blank\">FictionTP<\/a>, <a href=\"http:\/\/eclectico.effetdesurprise.qc.ca\/?p=1268\" target=\"_blank\">Juste des E<\/a>, <a href=\"http:\/\/eclectico.effetdesurprise.qc.ca\/?p=1261\" target=\"_blank\">Microfictions monovocaliques<\/a>, <a href=\"http:\/\/eclectico.effetdesurprise.qc.ca\/?p=834\">Twitteroman sans E<\/a>) je me jette \u00e0 l&rsquo;eau \u00e0 mon tour, en esp\u00e9rant que les twitt\u00e9rateurs et twiterrateuses (-res) y trouveront une nouvelle occasion de se d\u00e9gourdir l&rsquo;imagination et de s&rsquo;amuser avec les mots, les images, les rimes, les sonorit\u00e9s et&#8230; tutti quanti. \ud83d\ude42<\/p>\n<p style=\"text-align: justify;\">&nbsp;<\/p>\n<p style=\"text-align: justify;\"><strong>Le d\u00e9fi<\/strong><\/p>\n<p style=\"text-align: justify;\">Il s&rsquo;agira pendant le long cong\u00e9 de la f\u00eate du Canada, soit du 1er juillet \u00e0 partir de 8h au 3 juillet jusqu&rsquo;\u00e0 16h (heure de Qu\u00e9bec), de pasticher collectivement un po\u00e8me de Jacques Pr\u00e9vert intitul\u00e9 <em><a href=\"http:\/\/mortain.free.fr\/Culture\/Prevert\/prevert8.htm\">Pour faire le portrait d&rsquo;un oiseau<\/a>. <\/em> Il s&rsquo;agit de pasticher en continuit\u00e9 et en tenant compte des tweets ant\u00e9rieurs.<\/p>\n<p style=\"text-align: justify;\"><em><br \/>\n<\/em><\/p>\n<p style=\"text-align: center;\"><iframe loading=\"lazy\" width=\"425\" height=\"349\" src=\"http:\/\/www.youtube.com\/embed\/bmLMPgO35uw\" frameborder=\"0\" allowfullscreen><\/iframe><\/p>\n<p style=\"text-align: justify;\">&nbsp;<\/p>\n<p style=\"text-align: justify;\">Plusieurs th\u00e9matiques pourront \u00eatre explor\u00e9es et vous pourrez les suivre en ajoutant un croisillon particulier pour chacune d&rsquo;entre elles. Voici bien arbitrairement les th\u00e9matiques que j&rsquo;ai choisies :<\/p>\n<ul>\n<li><em>Pour Faire le Portrait d&rsquo;un ami <\/em> abr\u00e9g\u00e9 sous le croisillon  <a href=\"http:\/\/twitter.com\/#!\/search\/%23PFPami\">#PFPami<\/a><\/li>\n<li><em>Pour Faire le Portrait d&rsquo;un pays <\/em> abr\u00e9g\u00e9 sous le croisillon <a href=\"http:\/\/twitter.com\/#!\/search\/%23PFPpays\">#PFPpays<\/a><\/li>\n<li><em>Pour Faire le Portrait d&rsquo;une maison <\/em> abr\u00e9g\u00e9 sous le croisillon <a href=\"http:\/\/twitter.com\/#!\/search\/%23PFPmaison\">#PFPmaison<\/a><\/li>\n<\/ul>\n<p style=\"text-align: justify;\">&nbsp;<\/p>\n<p style=\"text-align: justify;\">&nbsp;<\/p>\n<p>Je colligerai les tweets au fur et \u00e0 mesure qu&rsquo;ils seront produits et je publierai les pastiches cr\u00e9\u00e9s durant la fin de semaine sur mon <a href=\"http:\/\/randonnee.effetdesurprise.qc.ca\/\" target=\"_blank\">blogue<\/a>.<\/p>\n<p style=\"text-align: justify;\">&nbsp;<\/p>\n<p style=\"text-align: justify;\">\u00c0 vos claviers! Pr\u00eats? Po\u00e9tweetez!<\/p>\n<p style=\"text-align: justify;\">&nbsp;<\/p>\n<p style=\"text-align: justify;\">&nbsp;<\/p>\n","protected":false},"excerpt":{"rendered":"<p>Inspir\u00e9e par mon amie Monique Le Pailleur (alias @Aurise sur Twitter) et ses d\u00e9fis d&rsquo;\u00e9criture collaborative des derniers mois (FictionBD et FictionTP, Juste des E, Microfictions monovocaliques, Twitteroman sans E) je me jette \u00e0 l&rsquo;eau \u00e0 mon tour, en esp\u00e9rant que les twitt\u00e9rateurs et twiterrateuses (-res) y trouveront une nouvelle occasion de se d\u00e9gourdir l&rsquo;imagination [&hellip;]<\/p>\n","protected":false},"author":2,"featured_media":0,"comment_status":"open","ping_status":"open","sticky":false,"template":"","format":"standard","meta":[],"categories":[50],"tags":[51,52,31],"_links":{"self":[{"href":"https:\/\/randonnee.effetdesurprise.qc.ca\/index.php?rest_route=\/wp\/v2\/posts\/899"}],"collection":[{"href":"https:\/\/randonnee.effetdesurprise.qc.ca\/index.php?rest_route=\/wp\/v2\/posts"}],"about":[{"href":"https:\/\/randonnee.effetdesurprise.qc.ca\/index.php?rest_route=\/wp\/v2\/types\/post"}],"author":[{"embeddable":true,"href":"https:\/\/randonnee.effetdesurprise.qc.ca\/index.php?rest_route=\/wp\/v2\/users\/2"}],"replies":[{"embeddable":true,"href":"https:\/\/randonnee.effetdesurprise.qc.ca\/index.php?rest_route=%2Fwp%2Fv2%2Fcomments&post=899"}],"version-history":[{"count":47,"href":"https:\/\/randonnee.effetdesurprise.qc.ca\/index.php?rest_route=\/wp\/v2\/posts\/899\/revisions"}],"predecessor-version":[{"id":950,"href":"https:\/\/randonnee.effetdesurprise.qc.ca\/index.php?rest_route=\/wp\/v2\/posts\/899\/revisions\/950"}],"wp:attachment":[{"href":"https:\/\/randonnee.effetdesurprise.qc.ca\/index.php?rest_route=%2Fwp%2Fv2%2Fmedia&parent=899"}],"wp:term":[{"taxonomy":"category","embeddable":true,"href":"https:\/\/randonnee.effetdesurprise.qc.ca\/index.php?rest_route=%2Fwp%2Fv2%2Fcategories&post=899"},{"taxonomy":"post_tag","embeddable":true,"href":"https:\/\/randonnee.effetdesurprise.qc.ca\/index.php?rest_route=%2Fwp%2Fv2%2Ftags&post=899"}],"curies":[{"name":"wp","href":"https:\/\/api.w.org\/{rel}","templated":true}]}}