{"id":66,"date":"2011-01-22T12:34:35","date_gmt":"2011-01-22T17:34:35","guid":{"rendered":"http:\/\/randonnee.effetdesurprise.qc.ca\/?p=66"},"modified":"2011-01-22T12:39:52","modified_gmt":"2011-01-22T17:39:52","slug":"le-miroir-des-illusions","status":"publish","type":"post","link":"https:\/\/randonnee.effetdesurprise.qc.ca\/?p=66","title":{"rendered":"Le miroir des illusions"},"content":{"rendered":"<p><a href=\"http:\/\/randonnee.effetdesurprise.qc.ca\/wp-content\/uploads\/2011\/01\/randonneur.jpg\"><img decoding=\"async\" loading=\"lazy\" class=\"alignleft size-full wp-image-20\" title=\"randonneur\" src=\"http:\/\/randonnee.effetdesurprise.qc.ca\/wp-content\/uploads\/2011\/01\/randonneur.jpg\" alt=\"\" width=\"146\" height=\"96\" \/><\/a>\u00abMiroir, joli miroir, dis-moi qui est la plus belle en ce pays?\u00bb, questionnait chaque jour la m\u00e9chante reine, mar\u00e2tre de la si ravissante et innocente <a href=\"http:\/\/fr.wikipedia.org\/wiki\/Blanche-Neige\" target=\"_blank\">Blanche-Neige.<\/a>.. \u00abH\u00e9las, disait <a href=\"http:\/\/fr.wikipedia.org\/wiki\/La_Belle_et_la_B%C3%AAte\" target=\"_blank\">la Belle<\/a>, c&rsquo;est bien dommage qu&rsquo;elle soit si laide, elle est si bonne!\u00bb&#8230; !\u00bb Voil\u00e0 deux histoires, deux contes pour enfants, deux fables o\u00f9 magie, prince et petits nains se c\u00f4toient, avec rien de bien m\u00e9chant \u00e0 part une pomme empoisonn\u00e9e, un vilain gros monstre, une mar\u00e2tre et des soeurs jalouses. Rien de bien m\u00e9chant sauf la mise en sc\u00e8ne des douleurs et des cruaut\u00e9s impos\u00e9es par nos perceptions de ce qui est beau et a contrario de ce qui est laid, comme dans cet article de la Presse intitul\u00e9 <a href=\"http:\/\/www.cyberpresse.ca\/vivre\/societe\/201101\/21\/01-4362689-le-cruel-destin-des-moches.php\" target=\"_blank\">Le cruel destin des moches<\/a>, que je lisais ce matin, en buvant tranquillement mon expresso, les cheveux en bataille, attif\u00e9e comme la chienne \u00e0 Jacques, sans artifices, bref comme n&rsquo;importe quelle femme qui sort de son lit!<\/p>\n<p>Cet article m&rsquo;a d\u00e9rang\u00e9e parce qu&rsquo;il a tout \u00e0 coup \u00e9clair\u00e9 mes attitudes et mes r\u00e9actions devant <a href=\"http:\/\/www.collectifmoimoi.com\/wp-content\/uploads\/2010\/03\/moi-moi-romantico.jpg\" target=\"_blank\">le laid<\/a>, cette laideur qu&rsquo;<a href=\"http:\/\/www.francite.net\/education\/lecture\/page237.html\" target=\"_blank\">\u00c9piphane Otos<\/a>, le personnage d&rsquo;Am\u00e9lie Nothomb, incarne avec tant de brio et de naturel qu&rsquo;il s&rsquo;est m\u00e9rit\u00e9 le surnom de <a href=\"http:\/\/fr.wikipedia.org\/wiki\/Quasimodo_%28personnage%29\" target=\"_blank\">Quasimodo<\/a>. On peut faire le tour des biblioth\u00e8ques, des cin\u00e9math\u00e8ques, des mus\u00e9es ou autres temples de la culture pour d\u00e9couvrir ce qu&rsquo;est la beaut\u00e9 ou ce qu&rsquo;elle n&rsquo;est pas et pour comprendre la fascination qu&rsquo;elle a exerc\u00e9e \u00e0 travers les si\u00e8cles dans l&rsquo;imaginaire de l&rsquo;Humanit\u00e9, pour tenter aussi de se conforter &#8211; parce que c&rsquo;est vachement moins p\u00e9nible pour la conscience- dans l&rsquo;illusion de ces grands principes tr\u00e8s nobles que la <a href=\"http:\/\/www.youtube.com\/watch?v=RKKFGedanjU\" target=\"_blank\">beaut\u00e9 ext\u00e9rieure<\/a>, \u00e7a passe, c&rsquo;est futile, c&rsquo;est pas \u00e7a l&rsquo;important, que la v\u00e9ritable grandeur d&rsquo;\u00e2me, c&rsquo;est la recherche et la reconnaissance de ce truc qui est \u00e0 l&rsquo;int\u00e9rieur, qui se cache l\u00e0 et qui est si, tant, tellement mieux que l&rsquo;apparence&#8230; Mais il faut bien se l&rsquo;admettre : ce qui est invisible pour les yeux, contrairement \u00e0 ce que disait Saint-Ex, c&rsquo;est pas vraiment essentiel&#8230; C&rsquo;est tellement dur de savoir ce que c&rsquo;est cette beaut\u00e9 int\u00e9rieure qu&rsquo;on n&rsquo;a m\u00eame pas de mot pour la nommer. On la d\u00e9cline avec des ind\u00e9finis, on ne perd pas son temps \u00e0 la chercher, on passe son tour parce que, comme le chante <a href=\"http:\/\/www.youtube.com\/watch?v=ZqvD8k02mvk\" target=\"_blank\">Gainsbourg<\/a> avec un cynisme color\u00e9 de rythmes reggae : \u00abLa beaut\u00e9 des laids, des laids, se voit sans d\u00e9lai&#8230;\u00bb, et c&rsquo;est juste celle-l\u00e0 qu&rsquo;on regarde, qui fascine, qu&rsquo;on juge, qui d\u00e9range, qu&rsquo;on \u00e9vite&#8230; m\u00eame de c\u00f4toyer trop longtemps. On ne sait jamais : une tache, c&rsquo;est tenace&#8230;<\/p>\n<p>Alors, ce matin, en lisant cet article, je me suis trouv\u00e9e moche, moche d&rsquo;\u00eatre comme tout le monde, moche d&rsquo;avoir baiss\u00e9 les yeux ou d\u00e9tourn\u00e9 le regard devant ces ostracis\u00e9s, d&rsquo;avoir \u00e9t\u00e9 captiv\u00e9e par leur laideur, mais incapable de leur montrer davantage d&rsquo;humanit\u00e9 que dans le m\u00e9pris de leur beaut\u00e9, l&rsquo;invisible, celle que je ne voyais pas parce que je ne voulais pas la voir, obnubil\u00e9e par le reflet d\u00e9form\u00e9 de leur miroir&#8230; Mea culpa sans promesse de ne plus jamais faillir, \u00e0 tous les vilains petits canards qui ont crois\u00e9 mon chemin, je demande pardon.<\/p>\n<p style=\"text-align: center;\"><span style=\"color: #000080;\"><strong>J&rsquo;aime l&rsquo;araign\u00e9e<\/strong><\/span><\/p>\n<p style=\"text-align: center;\"><span style=\"color: #000080;\">J&rsquo;aime l&rsquo;araign\u00e9e et j&rsquo;aime l&rsquo;ortie,<\/span><\/p>\n<p style=\"text-align: center;\"><span style=\"color: #000080;\">Parce qu&rsquo;on les hait ;<\/span><\/p>\n<p style=\"text-align: center;\"><span style=\"color: #000080;\">Et que rien n&rsquo;exauce et que tout ch\u00e2tie<\/span><\/p>\n<p style=\"text-align: center;\"><span style=\"color: #000080;\">Leur morne souhait ;<\/span><\/p>\n<p style=\"text-align: center;\">\n<p style=\"text-align: center;\">\n<p style=\"text-align: center;\">\n<p style=\"text-align: center;\">\n<p style=\"text-align: center;\"><span style=\"color: #000080;\">Parce qu&rsquo;elles sont maudites, ch\u00e9tives,<\/span><\/p>\n<p style=\"text-align: center;\"><span style=\"color: #000080;\">Noirs \u00eatres rampants ;<\/span><\/p>\n<p style=\"text-align: center;\"><span style=\"color: #000080;\">Parce qu&rsquo;elles sont les tristes captives<\/span><\/p>\n<p style=\"text-align: center;\"><span style=\"color: #000080;\">De leur guet-apens ;<\/span><\/p>\n<p style=\"text-align: center;\">\n<p style=\"text-align: center;\">\n<p style=\"text-align: center;\"><span style=\"color: #000080;\">Parce qu&rsquo;elles sont prises dans leur oeuvre ;<\/span><\/p>\n<p style=\"text-align: center;\"><span style=\"color: #000080;\">O sort ! fatals noeuds !<\/span><\/p>\n<p style=\"text-align: center;\"><span style=\"color: #000080;\">Parce que l&rsquo;ortie est une couleuvre,<\/span><\/p>\n<p style=\"text-align: center;\"><span style=\"color: #000080;\">L&rsquo;araign\u00e9e un gueux ;<\/span><\/p>\n<p style=\"text-align: center;\">\n<p style=\"text-align: center;\"><span style=\"color: #000080;\">Parce qu&rsquo;elles ont l&rsquo;ombre des ab\u00eemes,<\/span><\/p>\n<p style=\"text-align: center;\"><span style=\"color: #000080;\">Parce qu&rsquo;on les fuit,<\/span><\/p>\n<p style=\"text-align: center;\"><span style=\"color: #000080;\">Parce qu&rsquo;elles sont toutes deux victimes<\/span><\/p>\n<p style=\"text-align: center;\"><span style=\"color: #000080;\">De la sombre nuit.<\/span><\/p>\n<p style=\"text-align: center;\">\n<p style=\"text-align: center;\"><span style=\"color: #000080;\">Passants, faites gr\u00e2ce \u00e0 la plante obscure,<\/span><\/p>\n<p style=\"text-align: center;\"><span style=\"color: #000080;\">Au pauvre animal.<\/span><\/p>\n<p style=\"text-align: center;\"><span style=\"color: #000080;\">Plaignez la laideur, plaignez la piq\u00fbre,<\/span><\/p>\n<p style=\"text-align: center;\"><span style=\"color: #000080;\">Oh ! plaignez le mal!<\/span><\/p>\n<p style=\"text-align: center;\">\n<p style=\"text-align: center;\"><span style=\"color: #000080;\">Il n&rsquo;est rien qui n&rsquo;ait sa m\u00e9lancolie ;<\/span><\/p>\n<p style=\"text-align: center;\"><span style=\"color: #000080;\">Tout veut un baiser.<\/span><\/p>\n<p style=\"text-align: center;\"><span style=\"color: #000080;\">Dans leur fauve horreur, pour peu qu&rsquo;on oublie<\/span><\/p>\n<p style=\"text-align: center;\"><span style=\"color: #000080;\">De les \u00e9craser,<\/span><\/p>\n<p style=\"text-align: center;\">\n<p style=\"text-align: center;\"><span style=\"color: #000080;\">Pour peu qu&rsquo;on leur jette un oeil moins superbe,<\/span><\/p>\n<p style=\"text-align: center;\"><span style=\"color: #000080;\">Tout bas, loin du jour,<\/span><\/p>\n<p style=\"text-align: center;\"><span style=\"color: #000080;\">La mauvaise b\u00eate et la mauvaise herbe<\/span><\/p>\n<p style=\"text-align: center;\"><span style=\"color: #000080;\">Murmurent : Amour !<\/span><\/p>\n<p style=\"text-align: center;\">Victor Hugo, <em>Les Contemplations, livre III, les luttes et les r\u00eaves, po\u00e8me 27<br \/>\n<\/em><\/p>\n","protected":false},"excerpt":{"rendered":"<p>\u00abMiroir, joli miroir, dis-moi qui est la plus belle en ce pays?\u00bb, questionnait chaque jour la m\u00e9chante reine, mar\u00e2tre de la si ravissante et innocente Blanche-Neige&#8230; \u00abH\u00e9las, disait la Belle, c&rsquo;est bien dommage qu&rsquo;elle soit si laide, elle est si bonne!\u00bb&#8230; !\u00bb Voil\u00e0 deux histoires, deux contes pour enfants, deux fables o\u00f9 magie, prince et [&hellip;]<\/p>\n","protected":false},"author":2,"featured_media":0,"comment_status":"open","ping_status":"open","sticky":false,"template":"","format":"standard","meta":[],"categories":[6],"tags":[16,17,15,18],"_links":{"self":[{"href":"https:\/\/randonnee.effetdesurprise.qc.ca\/index.php?rest_route=\/wp\/v2\/posts\/66"}],"collection":[{"href":"https:\/\/randonnee.effetdesurprise.qc.ca\/index.php?rest_route=\/wp\/v2\/posts"}],"about":[{"href":"https:\/\/randonnee.effetdesurprise.qc.ca\/index.php?rest_route=\/wp\/v2\/types\/post"}],"author":[{"embeddable":true,"href":"https:\/\/randonnee.effetdesurprise.qc.ca\/index.php?rest_route=\/wp\/v2\/users\/2"}],"replies":[{"embeddable":true,"href":"https:\/\/randonnee.effetdesurprise.qc.ca\/index.php?rest_route=%2Fwp%2Fv2%2Fcomments&post=66"}],"version-history":[{"count":33,"href":"https:\/\/randonnee.effetdesurprise.qc.ca\/index.php?rest_route=\/wp\/v2\/posts\/66\/revisions"}],"predecessor-version":[{"id":98,"href":"https:\/\/randonnee.effetdesurprise.qc.ca\/index.php?rest_route=\/wp\/v2\/posts\/66\/revisions\/98"}],"wp:attachment":[{"href":"https:\/\/randonnee.effetdesurprise.qc.ca\/index.php?rest_route=%2Fwp%2Fv2%2Fmedia&parent=66"}],"wp:term":[{"taxonomy":"category","embeddable":true,"href":"https:\/\/randonnee.effetdesurprise.qc.ca\/index.php?rest_route=%2Fwp%2Fv2%2Fcategories&post=66"},{"taxonomy":"post_tag","embeddable":true,"href":"https:\/\/randonnee.effetdesurprise.qc.ca\/index.php?rest_route=%2Fwp%2Fv2%2Ftags&post=66"}],"curies":[{"name":"wp","href":"https:\/\/api.w.org\/{rel}","templated":true}]}}