{"id":378,"date":"2011-04-18T21:08:04","date_gmt":"2011-04-19T02:08:04","guid":{"rendered":"http:\/\/randonnee.effetdesurprise.qc.ca\/?p=378"},"modified":"2011-04-18T21:08:04","modified_gmt":"2011-04-19T02:08:04","slug":"ni-toi-sans-moi-ni-moi-sans-toi","status":"publish","type":"post","link":"https:\/\/randonnee.effetdesurprise.qc.ca\/?p=378","title":{"rendered":"Ni toi sans moi, ni moi sans toi"},"content":{"rendered":"<p style=\"text-align: justify;\"><a href=\"http:\/\/randonnee.effetdesurprise.qc.ca\/wp-content\/uploads\/2011\/04\/IMG_1892.jpg\"><img decoding=\"async\" loading=\"lazy\" class=\"alignleft size-thumbnail wp-image-461\" title=\"IMG_1892\" src=\"http:\/\/randonnee.effetdesurprise.qc.ca\/wp-content\/uploads\/2011\/04\/IMG_1892-150x150.jpg\" alt=\"\" width=\"150\" height=\"150\" \/><\/a>Je suis suspendue entre ciel et terre. En \u00e9tat d\u2019apesanteur, je revisite les derni\u00e8res semaines, depuis que tu m\u2019as \u00e9crit, depuis que je t\u2019ai r\u00e9pondu et depuis que nous nous sommes retrouv\u00e9s.<\/p>\n<p style=\"text-align: justify;\">Ton fant\u00f4me revient toujours apr\u00e8s le silence. Sortil\u00e8ge? Suis-je responsable de l\u2019\u00e9ternel recommencement? Ai-je moi-m\u00eame cr\u00e9\u00e9 l\u2019union ind\u00e9l\u00e9bile de nos destins en t\u2019offrant l\u2019anneau d\u2019argent?<\/p>\n<p style=\"text-align: justify;\">Les nuages dessinent d\u2019\u00e9tranges arabesques\u00a0: il y a comme une tranch\u00e9e qui se perd sur l\u2019horizon, menant Dieu sait o\u00f9. J\u2019aimerais savoir si le chemin entre les nuages dont on ne voit pas la fin, c\u2019est le mien, c\u2019est le tien, c\u2019est le n\u00f4tre. Savoir s\u2019il m\u00e8ne nulle part ou s\u2019il m\u00e8ne ailleurs.<\/p>\n<p style=\"text-align: justify;\">Un mot mart\u00e8le mon esprit embrum\u00e9 par la fatigue de la nuit pass\u00e9e avec toi\u00a0: coh\u00e9rence, coh\u00e9rence, coh\u00e9rence. Pourtant, je n\u2019ai pas l\u2019impression de perdre pied ni d\u2019errer sans boussole. Jamais je ne me suis sentie aussi libre et sereine. Alors pourquoi ce besoin malgr\u00e9 tout de vouloir comprendre et donner un sens \u00e0 mes choix?<\/p>\n<p style=\"text-align: justify;\">J\u2019ai r\u00eav\u00e9 cette nuit que la vie s\u2019installait en moi, une petite fille : Niska. Nous avions d\u00e9cid\u00e9 de ne jamais la conna\u00eetre.<\/p>\n<p style=\"text-align: justify;\">L\u2019h\u00f4pital, une salle \u00e9clair\u00e9e de n\u00e9ons bleut\u00e9s, il fait froid. Je suis allong\u00e9e. Dans quelques instants, une machine va nous enlever Niska. Tout \u00e0 coup, je ne veux pas. Je ne veux plus. Une boule monte dans ma gorge. \u00c7a n\u2019a pas de bon sens! Je suis folle. Tu vas m\u2019ha\u00efr\u2026 Des larmes m\u2019emp\u00eachent de voir les gens qui s\u2019affairent autour de moi. Tu caresses ma main. Tu vas m\u2019ha\u00efr\u2026 Je tourne mon visage vers toi. Tu dois savoir, mais tu vas m\u2019ha\u00efr\u2026 Tes yeux s\u2019assombrissent. Je serre ta main et ma t\u00eate s\u2019agite sur l\u2019oreiller\u00a0: <em>non, non, non\u2026 NON!<\/em> J\u2019ai cri\u00e9, fort, tr\u00e8s fort, si fort que tout le monde fige sauf nos regards qui se choquent, qui s\u2019enlacent, qui se tordent\u2026 Toi qui comprends tout \u00e0 coup, toi qui paniques, toi qui veux fuir, et mes doigts qui s\u2019accrochent \u00e0 ta paume pour t\u2019emp\u00eacher de partir, et mes yeux qui s\u2019amarrent \u00e0 tes yeux pour te retenir. Tes l\u00e8vres prononcent des mots que je n\u2019entends pas. Tu dois m\u2019ha\u00efr\u2026<\/p>\n<p style=\"text-align: justify;\">Mon corps se blinde, il devient armure, mes cuisses une forteresse imp\u00e9n\u00e9trable. On ne me prendra pas notre fille! Je la garde. Elle vivra. Je murmure son nom comme une incantation : \u00ab<em>Niska, Niska, Niska<\/em>\u00bb jusqu\u2019\u00e0 ce que la m\u00e9lodie de ces deux syllabes me calme et que je t\u2019entende enfin\u00a0: \u00ab<em>Ma belle, ma douce, qu\u2019est-ce que tu fais l\u00e0? On \u00e9tait d\u2019accord, non? Juste nous deux, libres, amants, sans attaches, pour toujours\u2026 Ma louve, ma lionne, ma ma\u00eetresse, ma fugueuse, mon ins\u00e9parable, mon unique parce que ma diff\u00e9rence. Je t\u2019en prie, ne deviens pas l\u2019une d\u2019entre les autres. Tu sais que tu vas me perdre\u2026 Pourquoi tu g\u00e2ches tout?<\/em>\u00bb Et tu r\u00e9p\u00e8tes\u00a0comme si tu n\u2019y croyais pas, comme si c\u2019\u00e9tait un mauvais r\u00eave\u00a0: \u00ab<em>Pourquoi tu g\u00e2ches tout, Pr\u00e9ciosa? Pourquoi tu ne m\u2019aimes pas assez pour n\u2019aimer que moi? <\/em>\u00bb Et des larmes, soudain. Tes yeux remplis de larmes en pronon\u00e7ant ces derniers mots\u2026 Des larmes! Les premi\u00e8res depuis que je te connais, des larmes qui me disent \u00e0 quel point tu as peur, \u00e0 quel point tu as peur de me perdre, \u00e0 quel point tu as peur que l\u2019enfant change tout entre nous parce que c\u2019est la seule chose que t\u2019a appris le pass\u00e9, l\u2019\u00e9nigme apeurante que tu n\u2019as jamais voulu r\u00e9soudre, fuyant en te r\u00e9fugiant dans d\u2019autres bras \u00e0 chaque fois\u2026<\/p>\n<p style=\"text-align: justify;\">Je ne pleure plus. Je te regarde, tendrement. Tu ne me perdras pas. Jamais. <em>Ainsi en est-il de nous; ni toi sans moi, ni moi sans toi <\/em>: <a href=\"http:\/\/fr.wikisource.org\/wiki\/Lai_du_Ch\u00e8vrefeuille\" target=\"_blank\">le lai du ch\u00e8vrefeuille<\/a>\u2026<\/p>\n<p style=\"text-align: justify;\">Je vais me lever et quitter cette pi\u00e8ce aseptis\u00e9e o\u00f9 nous voulions sacrifier notre passion. Je vais me lever, ouvrir la porte, marcher dans le long corridor et sortir dans le soleil d\u2019avril. Je vais me sauver. Je vais la sauver. Je vais nous sauver.<\/p>\n<p style=\"text-align: justify;\">Dans le silence immobile, tout s\u2019est arr\u00eat\u00e9. Nous sommes face \u00e0 face. Je te souris. Je colle mon corps contre le tien. Nos l\u00e8vres se trouvent\u00a0une derni\u00e8re fois. J\u2019y go\u00fbte le sel de tes larmes. Je te murmure dans un souffle\u00a0: \u00ab<em>Comprends que nous ne mourrons jamais. D\u00e9sormais, il y a Niska. Je pars avec elle sinon je meurs. Alors chasse-moi, poursuis-moi, traque-moi. Ne me laisse aucun r\u00e9pit, jamais, nulle part. Ni toi sans moi, ni moi sans toi.<\/em>\u00bb<\/p>\n<p style=\"text-align: right;\">Vol AA921, Montr\u00e9al-Miami, 14h28, le 1er avril 2011<\/p>\n","protected":false},"excerpt":{"rendered":"<p>Je suis suspendue entre ciel et terre. En \u00e9tat d\u2019apesanteur, je revisite les derni\u00e8res semaines, depuis que tu m\u2019as \u00e9crit, depuis que je t\u2019ai r\u00e9pondu et depuis que nous nous sommes retrouv\u00e9s. Ton fant\u00f4me revient toujours apr\u00e8s le silence. Sortil\u00e8ge? Suis-je responsable de l\u2019\u00e9ternel recommencement? Ai-je moi-m\u00eame cr\u00e9\u00e9 l\u2019union ind\u00e9l\u00e9bile de nos destins en t\u2019offrant [&hellip;]<\/p>\n","protected":false},"author":2,"featured_media":0,"comment_status":"open","ping_status":"open","sticky":false,"template":"","format":"standard","meta":[],"categories":[5],"tags":[41,38,40],"_links":{"self":[{"href":"https:\/\/randonnee.effetdesurprise.qc.ca\/index.php?rest_route=\/wp\/v2\/posts\/378"}],"collection":[{"href":"https:\/\/randonnee.effetdesurprise.qc.ca\/index.php?rest_route=\/wp\/v2\/posts"}],"about":[{"href":"https:\/\/randonnee.effetdesurprise.qc.ca\/index.php?rest_route=\/wp\/v2\/types\/post"}],"author":[{"embeddable":true,"href":"https:\/\/randonnee.effetdesurprise.qc.ca\/index.php?rest_route=\/wp\/v2\/users\/2"}],"replies":[{"embeddable":true,"href":"https:\/\/randonnee.effetdesurprise.qc.ca\/index.php?rest_route=%2Fwp%2Fv2%2Fcomments&post=378"}],"version-history":[{"count":45,"href":"https:\/\/randonnee.effetdesurprise.qc.ca\/index.php?rest_route=\/wp\/v2\/posts\/378\/revisions"}],"predecessor-version":[{"id":502,"href":"https:\/\/randonnee.effetdesurprise.qc.ca\/index.php?rest_route=\/wp\/v2\/posts\/378\/revisions\/502"}],"wp:attachment":[{"href":"https:\/\/randonnee.effetdesurprise.qc.ca\/index.php?rest_route=%2Fwp%2Fv2%2Fmedia&parent=378"}],"wp:term":[{"taxonomy":"category","embeddable":true,"href":"https:\/\/randonnee.effetdesurprise.qc.ca\/index.php?rest_route=%2Fwp%2Fv2%2Fcategories&post=378"},{"taxonomy":"post_tag","embeddable":true,"href":"https:\/\/randonnee.effetdesurprise.qc.ca\/index.php?rest_route=%2Fwp%2Fv2%2Ftags&post=378"}],"curies":[{"name":"wp","href":"https:\/\/api.w.org\/{rel}","templated":true}]}}