{"id":2861,"date":"2022-07-11T13:56:51","date_gmt":"2022-07-11T18:56:51","guid":{"rendered":"http:\/\/randonnee.effetdesurprise.qc.ca\/?p=2861"},"modified":"2022-07-11T15:57:21","modified_gmt":"2022-07-11T20:57:21","slug":"memory-leaves","status":"publish","type":"post","link":"https:\/\/randonnee.effetdesurprise.qc.ca\/?p=2861","title":{"rendered":"Memory leaves"},"content":{"rendered":"\n<figure class=\"wp-block-image size-large\"><img decoding=\"async\" loading=\"lazy\" width=\"768\" height=\"1024\" src=\"https:\/\/randonnee.effetdesurprise.qc.ca\/wp-content\/uploads\/2022\/07\/20F8DE24-B543-4CAA-8A9F-33BC985A4F1E-768x1024.jpeg\" alt=\"\" class=\"wp-image-2863\" srcset=\"https:\/\/randonnee.effetdesurprise.qc.ca\/wp-content\/uploads\/2022\/07\/20F8DE24-B543-4CAA-8A9F-33BC985A4F1E-768x1024.jpeg 768w, https:\/\/randonnee.effetdesurprise.qc.ca\/wp-content\/uploads\/2022\/07\/20F8DE24-B543-4CAA-8A9F-33BC985A4F1E-225x300.jpeg 225w, https:\/\/randonnee.effetdesurprise.qc.ca\/wp-content\/uploads\/2022\/07\/20F8DE24-B543-4CAA-8A9F-33BC985A4F1E.jpeg 810w\" sizes=\"(max-width: 768px) 100vw, 768px\" \/><figcaption>La jeune \u00e0 la perle. Dessin adapt\u00e9 de la toile de Vermeer  (1665)<\/figcaption><\/figure>\n\n\n\n<blockquote class=\"wp-block-quote has-text-align-right\"><p>\u00c0 Williams E. M.<\/p><cite> &#8211; <\/cite><\/blockquote>\n\n\n\n<blockquote class=\"wp-block-quote has-text-align-right\"><p>\u00ab&nbsp;<em>L\u2019art nous est donn\u00e9 pour nous emp\u00eacher de mourir de la v\u00e9rit\u00e9.&nbsp;\u00bb<\/em><\/p><cite><em>Nietzsche<\/em>&#8211; <em>La Volont\u00e9 de puissance<\/em><\/cite><\/blockquote>\n\n\n\n<div style=\"height:20px\" aria-hidden=\"true\" class=\"wp-block-spacer\"><\/div>\n\n\n\n<p>Cette nuit-l\u00e0, il n\u2019y avait pas de nuages dans le ciel du festival. <br>                                                           Et rien de ce qui a exist\u00e9 <br> N\u2019existerait <br> Jamais plus.<\/p>\n\n\n\n<div style=\"height:20px\" aria-hidden=\"true\" class=\"wp-block-spacer\"><\/div>\n\n\n\n<p>Cette nuit-l\u00e0, il y avait le jazz de Masego, la chaleur du saxophone et les cris des fans dans la foule.<\/p>\n\n\n\n<div style=\"height:20px\" aria-hidden=\"true\" class=\"wp-block-spacer\"><\/div>\n\n\n\n<p>Sous les spotlights, en avant de la sc\u00e8ne, <br> Un point qui se d\u00e9tachait comme le ciel, l\u2019eau, la mer, l\u2019air ou l\u2019espace. <br> Un petit point bleu turquoise, <br> Ma robe ample et mobile comme une invitation au voyage. <br> Ma robe bleu serein comme, lorsque, tranquille, <br> On est en partance pour des r\u00eaves par-del\u00e0 les paupi\u00e8res&nbsp; <br> Ou des illusions sans fronti\u00e8res.<\/p>\n\n\n\n<div style=\"height:20px\" aria-hidden=\"true\" class=\"wp-block-spacer\"><\/div>\n\n\n\n<p>Cette nuit-l\u00e0, c\u2019\u00e9tait l\u2019\u00e9t\u00e9, on s\u2019\u00e9vaderait. <br>Cette nuit-l\u00e0, je prierais Dieu, mais ce serait pour rien. <br> Pourtant, des roses pleuvraient bien du ciel. <br> Et des billets de 100$ venant d\u2019un royaume qui n\u2019existait pas me permettraient les fantaisies les plus folles.&nbsp;<\/p>\n\n\n\n<div style=\"height:20px\" aria-hidden=\"true\" class=\"wp-block-spacer\"><\/div>\n\n\n\n<p>Pick-up : la batterie casse enfin le silence. <br> Puis cl\u00e9 sur cl\u00e9, la m\u00e9lodie remplit la salle. <br> Et enfin sa voix qui cr\u00e8ve l\u2019air <br> Et installe le groove <br> Pendant que tournent les loops, s\u2019enchainent les couplets et les Da-Di-La-La des refrains.<\/p>\n\n\n\n<div style=\"height:20px\" aria-hidden=\"true\" class=\"wp-block-spacer\"><\/div>\n\n\n\n<p>J\u2019ai ferm\u00e9 les yeux pour tout absorber sans limite. <br> Pendant des heures, j\u2019ai chant\u00e9 \u00e0 tue-t\u00eate des ritournelles vives. <br> Battu le tempo en agitant le bras au-dessus des t\u00eates. <br> Comme des milliers de hampes supportant les figures.<\/p>\n\n\n\n<p>Avec la foule, j\u2019ai chant\u00e9 ces rimes qui parlaient de nous. <br>                Mon corps a marqu\u00e9 la cadence suivant les variations de la gamme.<\/p>\n\n\n\n<p>Mais en moi, toutes les cordes ont rompu. <br> Mes yeux ne savent plus d\u00e9chiffrer la partition. <br> Mes mains sont incapables de jamer. <br> <br> Mes pieds, toujours en retard d\u2019une mesure.<\/p>\n\n\n\n<p>Ad lib.&nbsp;<\/p>\n\n\n\n<div style=\"height:20px\" aria-hidden=\"true\" class=\"wp-block-spacer\"><\/div>\n\n\n\n<p>Fill, Fla, Tadow. <br> C\u2019est l\u00e0 que je t\u2019ai vue. <br> En fait, plut\u00f4t lui que j\u2019ai reconnu dans la foule bigarr\u00e9e qui se ruait dehors.&nbsp;<\/p>\n\n\n\n<div style=\"height:20px\" aria-hidden=\"true\" class=\"wp-block-spacer\"><\/div>\n\n\n\n<p>De toi, pour \u00eatre pr\u00e9cise, je n\u2019ai aper\u00e7u qu\u2019un turban et un visage. <br> Celui d\u2019une autre plut\u00f4t, qui n&rsquo;est ni toi ni l&rsquo;autre. <br> Ce visage, qui n\u2019est, chaque fois, ni tout \u00e0 fait le m\u00eame ni tout \u00e0 fait un autre.&nbsp;<\/p>\n\n\n\n<div style=\"height:20px\" aria-hidden=\"true\" class=\"wp-block-spacer\"><\/div>\n\n\n\n<p>Au milieu des corps port\u00e9e par le rythme, toi, tu \u00e9tais immobile, <br> Regardant droit devant <br> Fixant je ne sais quoi.<\/p>\n\n\n\n<div style=\"height:20px\" aria-hidden=\"true\" class=\"wp-block-spacer\"><\/div>\n\n\n\n<p>Ton visage impassible contrastait avec les sourires radieux. <br> Les l\u00e8vres serr\u00e9es, \u00e9tais-tu f\u00e2ch\u00e9e ou triste? <br> Tu avais l\u2019air d\u2019arriver d\u2019un autre temps. <br> Une soie mauve, savamment enroul\u00e9e sur ta chevelure qu\u2019on devinait abondante sous le tissu mordor\u00e9.&nbsp;<\/p>\n\n\n\n<div style=\"height:20px\" aria-hidden=\"true\" class=\"wp-block-spacer\"><\/div>\n\n\n\n<p>Dans cette agitation, alors que les mots jaillissaient tout autour,   <br> Rebondissant sur les rondes et virevoltant sur les croches, <br> Anita, as-tu entendu le silence du battement de mon coeur? <br> Mon coeur qui a fig\u00e9 alors que ma main s\u2019agitait.<\/p>\n\n\n\n<div style=\"height:20px\" aria-hidden=\"true\" class=\"wp-block-spacer\"><\/div>\n\n\n\n<p>Toi, ce n\u2019\u00e9tait pas moi que tu regardais puisque moi, je n&rsquo;\u00e9tais pas l\u00e0. <br> Non pas l\u00e0. <br> Pas l\u00e0 du tout. <br> Pas m\u00eame un petit peu. <br> M\u00eame pas le temps d\u2019un silence, d\u2019une blanche ou d\u2019un soupir.&nbsp;<\/p>\n\n\n\n<div style=\"height:20px\" aria-hidden=\"true\" class=\"wp-block-spacer\"><\/div>\n\n\n\n<p>Plus l\u00e0 pour lui qui te suivait. <br>Plus l\u00e0 pour lui qui m\u2019ignorait. <br>\n<p>Plus l\u00e0 pour lui qui fuyait mon salut.<\/p>\n\n\n\n<div style=\"height:20px\" aria-hidden=\"true\" class=\"wp-block-spacer\"><\/div>\n\n\n\n<p>Dans la lumi\u00e8re crue des n\u00e9ons, j\u2019ai vu ta peau chromatique <br>\nLuisant comme le visage de la jeune fille de Depht, <br> Clair, lumineux, tendre et doux, <br> Anita, ton visage semblait \u00e9clair\u00e9 de l\u2019int\u00e9rieur.&nbsp;<\/p>\n\n\n\n<div style=\"height:20px\" aria-hidden=\"true\" class=\"wp-block-spacer\"><\/div>\n\n\n\n<p><em>Dis, Anita, \u00e9tais-tu heureuse ou triste?&nbsp;<\/em><br><em>Oh, Mon Anita, dis-moi, de quelle couleur sont tes yeux?&nbsp;<\/em><br><em>Sont-ils marrons, verts ou bien bleus?&nbsp;<\/em><br><em>Anita, Oh, dis-moi, ton caf\u00e9? Comment tu le bois?<\/em><\/p>\n\n\n\n<div style=\"height:20px\" aria-hidden=\"true\" class=\"wp-block-spacer\"><\/div>\n\n\n\n<p>Qui \u00e9tais-tu? <br> Je pose la question pourtant je ne devrais pas : tu es si famili\u00e8re : <br> Petit portrait de 15 par 17. <br> Composition et couleurs tr\u00e8s simples : du bleu, de l\u2019ocre, du jaune. <br> Quelques traits, peu marqu\u00e9s, fondus : la ligne du nez, invisible.<\/p>\n\n\n\n<div style=\"height:20px\" aria-hidden=\"true\" class=\"wp-block-spacer\"><\/div>\n\n\n\n<p>On doit t\u2019imaginer.&nbsp;<\/p>\n\n\n\n<div style=\"height:20px\" aria-hidden=\"true\" class=\"wp-block-spacer\"><\/div>\n\n\n\n<p>Pourtant, sur la toile, il y a bien une jeune fille qui regarde par-dessus son \u00e9paule; elle est coiff\u00e9e d&rsquo;un turban exotique et porte une perle \u00e0 l&rsquo;oreille que frappe une source de lumi\u00e8re lointaine.&nbsp;<\/p>\n\n\n\n<div style=\"height:20px\" aria-hidden=\"true\" class=\"wp-block-spacer\"><\/div>\n\n\n\n<p>Une jeune fille <br> Inqui\u00e8te, intrigante, myst\u00e9rieuse <br> Curieuse, jeune, perdue <br> \u00c9nigmatique, surprenante, volontaire<\/p>\n\n\n\n<div style=\"height:20px\" aria-hidden=\"true\" class=\"wp-block-spacer\"><\/div>\n\n\n\n<p>C\u2019est un id\u00e9al sur un fond noir : symbole ambigu de puret\u00e9 ou de vanit\u00e9?&nbsp;<\/p>\n\n\n\n<div style=\"height:20px\" aria-hidden=\"true\" class=\"wp-block-spacer\"><\/div>\n\n\n\n<p>Une jeune fille <br> Belle, d\u00e9sirable, sensuelle <br> Amoureuse, tendre, triste<\/p>\n\n\n\n<div style=\"height:20px\" aria-hidden=\"true\" class=\"wp-block-spacer\"><\/div>\n\n\n\n<p>Une jeune fille <br> Bonne, d\u00e9vou\u00e9e, douce <br> Lumineuse, passionn\u00e9e, vive <br> Paisible, simple, vraie.<\/p>\n\n\n\n<div style=\"height:20px\" aria-hidden=\"true\" class=\"wp-block-spacer\"><\/div>\n\n\n\n<p>Pourtant, l&rsquo;essentiel nous \u00e9chappe toujours : regarder n&rsquo;est pas voir\u2026<\/p>\n\n\n\n<div style=\"height:20px\" aria-hidden=\"true\" class=\"wp-block-spacer\"><\/div>\n\n\n\n<p>LA SI DO, j\u2019ai improvis\u00e9 un solo. <br> Avant qu\u2019arrive le sol, je me suis rattrap\u00e9e, j\u2019ai chang\u00e9 de ton jusqu\u2019\u00e0 la derni\u00e8re note.<\/p>\n\n\n\n<p>FA MI R\u00c9, c\u2019est le dernier accord, plus une croche sur la port\u00e9e. <\/p>\n\n\n\n<p>LA SOL MI, le pont est franchi.&nbsp;<br>Coupe le son.<\/p>\n\n\n\n<p>La chanson est finie.<\/p>\n\n\n\n<div style=\"height:50px\" aria-hidden=\"true\" class=\"wp-block-spacer\"><\/div>\n\n\n\n<figure class=\"wp-block-embed-youtube wp-block-embed is-type-video is-provider-youtube wp-embed-aspect-16-9 wp-has-aspect-ratio\"><div class=\"wp-block-embed__wrapper\">\n<iframe loading=\"lazy\" title=\"Anomalie feat. Masego  - Memory Leaves (Lyric Video)\" width=\"500\" height=\"281\" src=\"https:\/\/www.youtube.com\/embed\/yuTw6UYc4cM?feature=oembed\" frameborder=\"0\" allow=\"accelerometer; autoplay; clipboard-write; encrypted-media; gyroscope; picture-in-picture\" allowfullscreen><\/iframe>\n<\/div><figcaption>Memory leaves<\/figcaption><\/figure>\n\n\n\n<div style=\"height:36px\" aria-hidden=\"true\" class=\"wp-block-spacer\"><\/div>\n","protected":false},"excerpt":{"rendered":"<p>\u00c0 Williams E. M. &#8211; \u00ab&nbsp;L\u2019art nous est donn\u00e9 pour nous emp\u00eacher de mourir de la v\u00e9rit\u00e9.&nbsp;\u00bb Nietzsche&#8211; La Volont\u00e9 de puissance Cette nuit-l\u00e0, il n\u2019y avait pas de nuages dans le ciel du festival. Et rien de ce qui a exist\u00e9 N\u2019existerait Jamais plus. Cette nuit-l\u00e0, il y avait le jazz de Masego, la [&hellip;]<\/p>\n","protected":false},"author":2,"featured_media":0,"comment_status":"open","ping_status":"open","sticky":false,"template":"","format":"standard","meta":[],"categories":[1],"tags":[90,40,91,31],"_links":{"self":[{"href":"https:\/\/randonnee.effetdesurprise.qc.ca\/index.php?rest_route=\/wp\/v2\/posts\/2861"}],"collection":[{"href":"https:\/\/randonnee.effetdesurprise.qc.ca\/index.php?rest_route=\/wp\/v2\/posts"}],"about":[{"href":"https:\/\/randonnee.effetdesurprise.qc.ca\/index.php?rest_route=\/wp\/v2\/types\/post"}],"author":[{"embeddable":true,"href":"https:\/\/randonnee.effetdesurprise.qc.ca\/index.php?rest_route=\/wp\/v2\/users\/2"}],"replies":[{"embeddable":true,"href":"https:\/\/randonnee.effetdesurprise.qc.ca\/index.php?rest_route=%2Fwp%2Fv2%2Fcomments&post=2861"}],"version-history":[{"count":40,"href":"https:\/\/randonnee.effetdesurprise.qc.ca\/index.php?rest_route=\/wp\/v2\/posts\/2861\/revisions"}],"predecessor-version":[{"id":2915,"href":"https:\/\/randonnee.effetdesurprise.qc.ca\/index.php?rest_route=\/wp\/v2\/posts\/2861\/revisions\/2915"}],"wp:attachment":[{"href":"https:\/\/randonnee.effetdesurprise.qc.ca\/index.php?rest_route=%2Fwp%2Fv2%2Fmedia&parent=2861"}],"wp:term":[{"taxonomy":"category","embeddable":true,"href":"https:\/\/randonnee.effetdesurprise.qc.ca\/index.php?rest_route=%2Fwp%2Fv2%2Fcategories&post=2861"},{"taxonomy":"post_tag","embeddable":true,"href":"https:\/\/randonnee.effetdesurprise.qc.ca\/index.php?rest_route=%2Fwp%2Fv2%2Ftags&post=2861"}],"curies":[{"name":"wp","href":"https:\/\/api.w.org\/{rel}","templated":true}]}}