{"id":2826,"date":"2021-10-09T22:29:38","date_gmt":"2021-10-10T03:29:38","guid":{"rendered":"http:\/\/randonnee.effetdesurprise.qc.ca\/?p=2826"},"modified":"2021-10-09T22:29:38","modified_gmt":"2021-10-10T03:29:38","slug":"je-te-laisserai-des-mots","status":"publish","type":"post","link":"https:\/\/randonnee.effetdesurprise.qc.ca\/?p=2826","title":{"rendered":"Je te laisserai des mots"},"content":{"rendered":"\n<div class=\"wp-block-group alignwide is-layout-flow\"><div class=\"wp-block-group__inner-container\"><\/div><\/div>\n\n\n\n<div class=\"wp-block-group\"><div class=\"wp-block-group__inner-container is-layout-flow\">\n<div class=\"wp-block-group\"><div class=\"wp-block-group__inner-container is-layout-flow\">\n<div class=\"wp-block-media-text alignwide is-stacked-on-mobile\" style=\"grid-template-columns:32% auto\"><figure class=\"wp-block-media-text__media\"><img decoding=\"async\" loading=\"lazy\" width=\"295\" height=\"300\" src=\"https:\/\/randonnee.effetdesurprise.qc.ca\/wp-content\/uploads\/2021\/10\/canard-295x300.jpg\" alt=\"\" class=\"wp-image-2836\" srcset=\"https:\/\/randonnee.effetdesurprise.qc.ca\/wp-content\/uploads\/2021\/10\/canard-295x300.jpg 295w, https:\/\/randonnee.effetdesurprise.qc.ca\/wp-content\/uploads\/2021\/10\/canard-1006x1024.jpg 1006w, https:\/\/randonnee.effetdesurprise.qc.ca\/wp-content\/uploads\/2021\/10\/canard-768x782.jpg 768w, https:\/\/randonnee.effetdesurprise.qc.ca\/wp-content\/uploads\/2021\/10\/canard-1509x1536.jpg 1509w, https:\/\/randonnee.effetdesurprise.qc.ca\/wp-content\/uploads\/2021\/10\/canard-2011x2048.jpg 2011w\" sizes=\"(max-width: 295px) 100vw, 295px\" \/><\/figure><div class=\"wp-block-media-text__content\">\n<blockquote class=\"wp-block-quote\"><p><em>Tout m&rsquo;avale. Quand j&rsquo;ai les yeux ferm\u00e9s, c&rsquo;est par mon ventre que je suis aval\u00e9e, c&rsquo;est dans mon ventre que j&rsquo;\u00e9touffe. Quand j&rsquo;ai les yeux ouverts, c&rsquo;est par ce que je vois que je suis aval\u00e9e, c&rsquo;est dans le ventre de ce que je vois que je suffoque. [&#8230;] Que j&rsquo;aie les yeux ouverts ou ferm\u00e9s, je suis englob\u00e9e : il n&rsquo;y a plus assez d&rsquo;air tout \u00e0 coup, mon c\u0153ur se serre, la peur me saisit.<\/em><\/p><cite>L&rsquo;aval\u00e9e des aval\u00e9s &#8211; R\u00e9jean Ducharme<\/cite><\/blockquote>\n<\/div><\/div>\n<\/div><\/div>\n<\/div><\/div>\n\n\n\n<div class=\"wp-block-group is-layout-flow\"><div class=\"wp-block-group__inner-container\"><\/div><\/div>\n\n\n\n<p>Je suis all\u00e9e vers la rivi\u00e8re. Il y avait l\u00e0 deux ou trois vieux qui p\u00eachaient, la clope au bec et le visage heureux. Ils semblaient n\u2019avoir rien pris pourtant, \u00e0 moins qu\u2019au bout de leurs lignes qui faisaient les mortes, ils aient ferr\u00e9 le temps qui passe.<\/p>\n\n\n\n<p>J\u2019ai march\u00e9 un peu, longeant la rive jusqu\u2019\u00e0 une petite clairi\u00e8re. Le soleil \u00e9tait singuli\u00e8rement chaud pour la date. Des feuilles tombaient ici et l\u00e0, seul signe qu\u2019on \u00e9tait d\u00e9j\u00e0 en octobre.<\/p>\n\n\n\n<p>Mon regard ne s\u2019attachait \u00e0 rien, divaguant sans but et se laissant bercer par le mouvement calme de l\u2019onde, qui frissonnait sous le souffle du vent. Dans mes oreilles, Spotify d\u00e9versait les nouveaut\u00e9s musicales de la semaine sur lesquelles le clapotis de l\u2019eau se greffait sans aucun \u00e9gard pour le tempo.<\/p>\n\n\n\n<p>A quelques pieds de la souche o\u00f9 je m\u2019\u00e9tais assise, un canard faisait sa toilette. Minutieusement, il picorait son plumage, se moquant bien de moi et de ma tristesse que je ne retenais plus. <\/p>\n\n\n\n<p>Des promeneurs s\u2019\u00e9taient approch\u00e9s. Qu\u2019importe! Ils pouvaient bien penser ce qu\u2019ils voulaient, je m\u2019en fichais. Moi, je n&rsquo;\u00e9tais d\u00e9j\u00e0 plus l\u00e0. J\u2019\u00e9tais devant ta porte, ma main dans les airs, h\u00e9sitante encore\u2026<\/p>\n\n\n\n<p>Trois petits coups secs qui r\u00e9sonnent gravement. Toc.Toc.Toc. Bruit de pas dans le couloir. Tu ouvres. Tu me souris : tu es content de me voir. Tu m\u2019invites \u00e0 entrer et tu m\u2019ouvres grand tes bras. Tu me gardes un moment contre toi jusqu\u2019\u00e0 ce que le battement de mon c\u0153ur s\u2019apaise, jusqu\u2019\u00e0 ce qu\u2019il s\u2019accorde tranquillement au rythme du tien.<\/p>\n\n\n\n<p>J\u2019ai besoin de te voir. Mes yeux cherchent les tiens. J\u2019ai besoin d\u2019une digue pour contenir le tumulte. J\u2019ai besoin d\u2019une bou\u00e9e pour \u00e9viter la noyade. De sentir que l\u00e0, avec toi, pour quelques heures, je suis en s\u00e9curit\u00e9. A l\u2019abri, prot\u00e9g\u00e9e des temp\u00eates et du ressac des flots.<\/p>\n\n\n\n<p>Une partie de moi s\u2019affole puis se fige. J\u2019ai peur. Si peur. Et tout \u00e0 coup, sur mon coeur, la petite entaille laiss\u00e9e par le scalpel se resserre jusqu\u2019\u00e0 faire si mal que j\u2019en pleure. C\u2019est intol\u00e9rable. Et si tu ne disais rien? Si tu me regardais l\u2019air surpris ou peut-\u00eatre m\u00eame emb\u00eat\u00e9? Si tu ne me comprenais pas? Si tu me jugeais?<\/p>\n\n\n\n<p>Demain, je le saurai.<\/p>\n\n\n\n<figure class=\"wp-block-embed-youtube aligncenter wp-block-embed is-type-video is-provider-youtube wp-embed-aspect-16-9 wp-has-aspect-ratio\"><div class=\"wp-block-embed__wrapper\">\n<iframe loading=\"lazy\" title=\"Strange x Je te laisserai des mots (full version)\" width=\"500\" height=\"281\" src=\"https:\/\/www.youtube.com\/embed\/_2VUsEkURc0?feature=oembed\" frameborder=\"0\" allow=\"accelerometer; autoplay; clipboard-write; encrypted-media; gyroscope; picture-in-picture\" allowfullscreen><\/iframe>\n<\/div><\/figure>\n","protected":false},"excerpt":{"rendered":"<p>Tout m&rsquo;avale. Quand j&rsquo;ai les yeux ferm\u00e9s, c&rsquo;est par mon ventre que je suis aval\u00e9e, c&rsquo;est dans mon ventre que j&rsquo;\u00e9touffe. Quand j&rsquo;ai les yeux ouverts, c&rsquo;est par ce que je vois que je suis aval\u00e9e, c&rsquo;est dans le ventre de ce que je vois que je suffoque. [&#8230;] Que j&rsquo;aie les yeux ouverts ou [&hellip;]<\/p>\n","protected":false},"author":2,"featured_media":0,"comment_status":"open","ping_status":"open","sticky":false,"template":"","format":"standard","meta":[],"categories":[1],"tags":[80,40],"_links":{"self":[{"href":"https:\/\/randonnee.effetdesurprise.qc.ca\/index.php?rest_route=\/wp\/v2\/posts\/2826"}],"collection":[{"href":"https:\/\/randonnee.effetdesurprise.qc.ca\/index.php?rest_route=\/wp\/v2\/posts"}],"about":[{"href":"https:\/\/randonnee.effetdesurprise.qc.ca\/index.php?rest_route=\/wp\/v2\/types\/post"}],"author":[{"embeddable":true,"href":"https:\/\/randonnee.effetdesurprise.qc.ca\/index.php?rest_route=\/wp\/v2\/users\/2"}],"replies":[{"embeddable":true,"href":"https:\/\/randonnee.effetdesurprise.qc.ca\/index.php?rest_route=%2Fwp%2Fv2%2Fcomments&post=2826"}],"version-history":[{"count":15,"href":"https:\/\/randonnee.effetdesurprise.qc.ca\/index.php?rest_route=\/wp\/v2\/posts\/2826\/revisions"}],"predecessor-version":[{"id":2842,"href":"https:\/\/randonnee.effetdesurprise.qc.ca\/index.php?rest_route=\/wp\/v2\/posts\/2826\/revisions\/2842"}],"wp:attachment":[{"href":"https:\/\/randonnee.effetdesurprise.qc.ca\/index.php?rest_route=%2Fwp%2Fv2%2Fmedia&parent=2826"}],"wp:term":[{"taxonomy":"category","embeddable":true,"href":"https:\/\/randonnee.effetdesurprise.qc.ca\/index.php?rest_route=%2Fwp%2Fv2%2Fcategories&post=2826"},{"taxonomy":"post_tag","embeddable":true,"href":"https:\/\/randonnee.effetdesurprise.qc.ca\/index.php?rest_route=%2Fwp%2Fv2%2Ftags&post=2826"}],"curies":[{"name":"wp","href":"https:\/\/api.w.org\/{rel}","templated":true}]}}