{"id":2712,"date":"2021-03-19T21:03:37","date_gmt":"2021-03-20T02:03:37","guid":{"rendered":"http:\/\/randonnee.effetdesurprise.qc.ca\/?p=2712"},"modified":"2021-03-19T22:13:34","modified_gmt":"2021-03-20T03:13:34","slug":"sfumato-ou-une-question-de-limites","status":"publish","type":"post","link":"https:\/\/randonnee.effetdesurprise.qc.ca\/?p=2712","title":{"rendered":"Sfumato ou une question de limites"},"content":{"rendered":"\n<div class=\"wp-block-media-text alignwide is-stacked-on-mobile\" style=\"grid-template-columns:47% auto\"><figure class=\"wp-block-media-text__media\"><img decoding=\"async\" loading=\"lazy\" width=\"1024\" height=\"963\" src=\"https:\/\/randonnee.effetdesurprise.qc.ca\/wp-content\/uploads\/2021\/03\/IMG_0250-1024x963.jpg\" alt=\"\" class=\"wp-image-2721\" srcset=\"https:\/\/randonnee.effetdesurprise.qc.ca\/wp-content\/uploads\/2021\/03\/IMG_0250-1024x963.jpg 1024w, https:\/\/randonnee.effetdesurprise.qc.ca\/wp-content\/uploads\/2021\/03\/IMG_0250-300x282.jpg 300w, https:\/\/randonnee.effetdesurprise.qc.ca\/wp-content\/uploads\/2021\/03\/IMG_0250-768x723.jpg 768w, https:\/\/randonnee.effetdesurprise.qc.ca\/wp-content\/uploads\/2021\/03\/IMG_0250-1536x1445.jpg 1536w, https:\/\/randonnee.effetdesurprise.qc.ca\/wp-content\/uploads\/2021\/03\/IMG_0250.jpg 1926w\" sizes=\"(max-width: 1024px) 100vw, 1024px\" \/><\/figure><div class=\"wp-block-media-text__content\">\n<p style=\"font-size:14px\" class=\"has-text-align-right\">\u00e0 J. W. K.<\/p>\n\n\n\n<p class=\"has-small-font-size\"><em>\u00ab Notre base n&rsquo;est pas fixe; (\u2026) Je vois un pass\u00e9 en ruines et un avenir en germe, l&rsquo;un est trop vieux, l&rsquo;autre est trop jeune, tout est brouill\u00e9. Mais c&rsquo;est ne pas comprendre le cr\u00e9puscule. \u00bb <\/em><\/p>\n\n\n\n<p class=\"has-small-font-size\">Gustave Flaubert, <em>Lettre \u00e0 Louis Bouilhet,<\/em> Damas, 4 septembre 1850<\/p>\n\n\n\n<p class=\"has-small-font-size\"><em>\u00ab Si tu veux voir l\u2019infini, ferme les yeux. \u00bb<\/em>\u00a0<\/p>\n\n\n\n<p class=\"has-small-font-size\">Milan Kundera, <em>Le Voyeur absolu<\/em>, 1992<\/p>\n\n\n\n<p class=\"has-small-font-size\"><em>\u00ab L&rsquo;amour, c&rsquo;est donner ce qu&rsquo;on n&rsquo;a pas \u00e0 quelqu&rsquo;un qui n&rsquo;en veut pas. \u00bb <\/em><\/p>\n\n\n\n<p class=\"has-small-font-size\">Jacques Lacan, <em>S\u00e9minaire XII<\/em>, 1964.<\/p>\n<\/div><\/div>\n\n\n\n<div style=\"height:35px\" aria-hidden=\"true\" class=\"wp-block-spacer\"><\/div>\n\n\n\n<p class=\"has-text-color has-very-dark-gray-color\">C&rsquo;est pour toi.<\/p>\n\n\n\n<p class=\"has-text-color has-very-dark-gray-color\">Un morceau de lave, ramass\u00e9 dans la derni\u00e8re col\u00e8re du volcan, symbole du sentiment qui br\u00fble tout en ce pays de contraste et de passion comme le feu qui a d\u00e9truit mon coeur.<\/p>\n\n\n\n<p class=\"has-text-color has-very-dark-gray-color\">Je t\u2019en veux. <\/p>\n\n\n\n<p class=\"has-text-color has-very-dark-gray-color\">J\u2019ai le go\u00fbt de taper dans un sac de sable jusqu\u2019\u00e0 ce que mes jointures \u00e9clatent, qu\u2019elles me fassent si mal que j\u2019en crie de douleur pour ne plus sentir celle qui est l\u00e0, tapie dans ma poitrine, qui br\u00fble et qui ravage.<\/p>\n\n\n\n<p class=\"has-text-color has-very-dark-gray-color\">J\u2019aurais le go\u00fbt que tout s\u2019arr\u00eate enfin car rien ne change. Rien, malgr\u00e9 le ciel bleu, la douceur du printemps qui s\u2019installe et les mantras positifs.<\/p>\n\n\n\n<p class=\"has-text-color has-very-dark-gray-color\">Je suis prise de vertiges. Pourtant, je suis couch\u00e9e. Sentiment de panique si intense que je n\u2019ose plus bouger. Le temps s\u2019\u00e9tire&#8230; Mon corps a la raideur d\u2019un gisant. Dans ma t\u00eate, c\u2019est le chahut : les questions fusent sans r\u00e9pit, cherchant des r\u00e9ponses, en vain. Elles s\u2019agitent, se bousculent. <\/p>\n\n\n\n<div style=\"height:29px\" aria-hidden=\"true\" class=\"wp-block-spacer\"><\/div>\n\n\n\n<div class=\"wp-block-group\"><div class=\"wp-block-group__inner-container is-layout-flow\">\n<div class=\"wp-block-group\"><div class=\"wp-block-group__inner-container is-layout-flow\">\n<p class=\"has-text-color has-very-dark-gray-color\"><em>Pourquoi t\u2019es pas parti, toi? <\/em> <em>Pourquoi tu voulais rester, dis-moi! <\/em> <em>Pourquoi tu t\u2019en vas pas?<\/em> <em>Pourquoi t\u2019as tout accept\u00e9? <\/em> <em>Pourquoi t\u2019as jamais dit non, jamais dit \u00e7a suffit, jamais dit stop!<\/em> <em>Pourquoi tu m\u2019as laiss\u00e9 sombrer? Chaque jour, plus profond. Chaque jour, un peu plus.<\/em> <em>Pourquoi t\u2019as rien fait pour emp\u00eacher \u00e7a?<\/em> <em>Pourquoi tu mens encore?<\/em> <em>Pourquoi t\u2019as \u00e9t\u00e9 l\u00e2che \u00e0 ce point?<\/em> <em>Pourquoi tu continues de l\u2019\u00eatre?<\/em><\/p>\n<\/div><\/div>\n<\/div><\/div>\n\n\n\n<div style=\"height:33px\" aria-hidden=\"true\" class=\"wp-block-spacer\"><\/div>\n\n\n\n<p class=\"has-text-color has-very-dark-gray-color\">En Sicile, les collines sont vertes et luxuriantes, embaument le parfum des citrons, des lauriers roses, bougainvilliers et magnolias blancs. Surprenant pour une \u00eele qui ne conna\u00eet que vingt-deux jours de pluie par an, cette eau rationn\u00e9e quotidiennement et si rare que, comme elle leur est envoy\u00e9e du ciel, les Siciliens l&rsquo;ont surnomm\u00e9e l&rsquo;eau b\u00e9nite.<\/p>\n\n\n\n<p class=\"has-text-color has-very-dark-gray-color\">Revenir \u00e0 moi. Retourner au jardin. Trouver mon fauteuil, le vieux fauteuil Adirondack rouge, pr\u00e8s de l\u2019\u00e9tang et du parterre de vivaces. M\u2019y asseoir. Fermer les yeux. Respirer.<\/p>\n\n\n\n<p class=\"has-text-color has-very-dark-gray-color\">Le parfum de la menthe emplit tout \u00e0 coup mes narines. Je me sens vivifi\u00e9e, stimul\u00e9e par cette odeur puissante qui s&rsquo;\u00e9panouit dans l&rsquo;air environnant.<\/p>\n\n\n\n<p class=\"has-text-color has-very-dark-gray-color\">Mon souffle s\u2019\u00e9tire, s\u2019amplifie. Il cr\u00e9e de l&rsquo;espace. Le calme s&rsquo;installe.<\/p>\n\n\n\n<div style=\"height:24px\" aria-hidden=\"true\" class=\"wp-block-spacer\"><\/div>\n\n\n\n<div class=\"wp-block-image\"><figure class=\"aligncenter size-large is-resized\"><img decoding=\"async\" loading=\"lazy\" src=\"https:\/\/randonnee.effetdesurprise.qc.ca\/wp-content\/uploads\/2021\/03\/img-3.jpg\" alt=\"\" class=\"wp-image-2728\" width=\"323\" height=\"267\" srcset=\"https:\/\/randonnee.effetdesurprise.qc.ca\/wp-content\/uploads\/2021\/03\/img-3.jpg 453w, https:\/\/randonnee.effetdesurprise.qc.ca\/wp-content\/uploads\/2021\/03\/img-3-300x248.jpg 300w\" sizes=\"(max-width: 323px) 100vw, 323px\" \/><\/figure><\/div>\n\n\n\n<div style=\"height:21px\" aria-hidden=\"true\" class=\"wp-block-spacer\"><\/div>\n\n\n\n<p class=\"has-text-color has-very-dark-gray-color\">Mon attention se porte sur le l\u00e9ger clapotis de l\u2019eau, sur le vert profond des feuilles, sur la fra\u00eecheur de l&rsquo;air et les frissons qu&rsquo;il procure sur ma peau. La respiration cr\u00e9e un mouvement dans mon corps; une nouvelle \u00e9nergie circule. C&rsquo;est doux et chaud. Mes muscles se d\u00e9tendent. \u00c0 l&rsquo;int\u00e9rieur de moi, \u00e7a p\u00e9tille m\u00eame. Je souris.<\/p>\n\n\n\n<p class=\"has-text-color has-very-dark-gray-color\">J&rsquo;ouvre les yeux. Tu es devant moi mais ton visage est flou comme dans un tableau impressionniste. Alors je m&rsquo;amuse \u00e0 explorer les fronti\u00e8res entre le visible et l\u2019invisible : ce n&rsquo;est plus le combat de l\u2019ombre et de la lumi\u00e8re, mais l\u2019encerclement des deux par l\u2019indiscernable. Plus j&rsquo;essaie de te voir, plus tu deviens vaporeux, intangible, impr\u00e9cis, approximatif comme toutes les pens\u00e9es qui me relient \u00e0 toi deviennent l\u00e9g\u00e8res, en attente de leur propre disparition. Les marges s\u2019effrangent, les territoires deviennent \u00e9vanescents. J&rsquo;accepte la complexit\u00e9 et l&rsquo;inach\u00e8vement. C\u2019est l\u2019heure entre chien et loup, le cr\u00e9pusculaire dont on ne sait jamais, m\u00eame en l\u2019\u00e9prouvant, s\u2019il faut l\u2019interpr\u00e9ter comme la fin d\u2019un jour ou l\u2019annonce d\u2019une aurore. <\/p>\n\n\n\n<p class=\"has-text-color has-very-dark-gray-color\">Les effluves de menthe saturent l&rsquo;air maintenant. La nuit est tomb\u00e9e, mes yeux ne distinguent plus rien : il est temps de rentrer. <\/p>\n\n\n\n<div style=\"height:27px\" aria-hidden=\"true\" class=\"wp-block-spacer\"><\/div>\n\n\n\n<figure class=\"wp-block-embed-youtube aligncenter wp-block-embed is-type-video is-provider-youtube wp-embed-aspect-16-9 wp-has-aspect-ratio\"><div class=\"wp-block-embed__wrapper\">\n<iframe loading=\"lazy\" title=\"LE SFUMATO - LEONARD DE VINCI\" width=\"500\" height=\"281\" src=\"https:\/\/www.youtube.com\/embed\/KZWuQBzYkRs?feature=oembed\" frameborder=\"0\" allow=\"accelerometer; autoplay; clipboard-write; encrypted-media; gyroscope; picture-in-picture\" allowfullscreen><\/iframe>\n<\/div><\/figure>\n","protected":false},"excerpt":{"rendered":"<p>\u00e0 J. W. K. \u00ab Notre base n&rsquo;est pas fixe; (\u2026) Je vois un pass\u00e9 en ruines et un avenir en germe, l&rsquo;un est trop vieux, l&rsquo;autre est trop jeune, tout est brouill\u00e9. Mais c&rsquo;est ne pas comprendre le cr\u00e9puscule. \u00bb Gustave Flaubert, Lettre \u00e0 Louis Bouilhet, Damas, 4 septembre 1850 \u00ab Si tu veux [&hellip;]<\/p>\n","protected":false},"author":2,"featured_media":0,"comment_status":"open","ping_status":"open","sticky":false,"template":"","format":"standard","meta":[],"categories":[1],"tags":[62,40],"_links":{"self":[{"href":"https:\/\/randonnee.effetdesurprise.qc.ca\/index.php?rest_route=\/wp\/v2\/posts\/2712"}],"collection":[{"href":"https:\/\/randonnee.effetdesurprise.qc.ca\/index.php?rest_route=\/wp\/v2\/posts"}],"about":[{"href":"https:\/\/randonnee.effetdesurprise.qc.ca\/index.php?rest_route=\/wp\/v2\/types\/post"}],"author":[{"embeddable":true,"href":"https:\/\/randonnee.effetdesurprise.qc.ca\/index.php?rest_route=\/wp\/v2\/users\/2"}],"replies":[{"embeddable":true,"href":"https:\/\/randonnee.effetdesurprise.qc.ca\/index.php?rest_route=%2Fwp%2Fv2%2Fcomments&post=2712"}],"version-history":[{"count":30,"href":"https:\/\/randonnee.effetdesurprise.qc.ca\/index.php?rest_route=\/wp\/v2\/posts\/2712\/revisions"}],"predecessor-version":[{"id":2747,"href":"https:\/\/randonnee.effetdesurprise.qc.ca\/index.php?rest_route=\/wp\/v2\/posts\/2712\/revisions\/2747"}],"wp:attachment":[{"href":"https:\/\/randonnee.effetdesurprise.qc.ca\/index.php?rest_route=%2Fwp%2Fv2%2Fmedia&parent=2712"}],"wp:term":[{"taxonomy":"category","embeddable":true,"href":"https:\/\/randonnee.effetdesurprise.qc.ca\/index.php?rest_route=%2Fwp%2Fv2%2Fcategories&post=2712"},{"taxonomy":"post_tag","embeddable":true,"href":"https:\/\/randonnee.effetdesurprise.qc.ca\/index.php?rest_route=%2Fwp%2Fv2%2Ftags&post=2712"}],"curies":[{"name":"wp","href":"https:\/\/api.w.org\/{rel}","templated":true}]}}