{"id":2680,"date":"2021-02-25T11:51:16","date_gmt":"2021-02-25T16:51:16","guid":{"rendered":"http:\/\/randonnee.effetdesurprise.qc.ca\/?p=2680"},"modified":"2021-02-25T11:55:16","modified_gmt":"2021-02-25T16:55:16","slug":"comme-avant","status":"publish","type":"post","link":"https:\/\/randonnee.effetdesurprise.qc.ca\/?p=2680","title":{"rendered":"Comme avant"},"content":{"rendered":"\n<div class=\"wp-block-media-text alignwide is-stacked-on-mobile is-vertically-aligned-center\"><figure class=\"wp-block-media-text__media\"><img decoding=\"async\" loading=\"lazy\" width=\"1019\" height=\"1024\" src=\"https:\/\/randonnee.effetdesurprise.qc.ca\/wp-content\/uploads\/2021\/02\/biel-et-moi-1-1019x1024.jpg\" alt=\"\" class=\"wp-image-2689\" srcset=\"https:\/\/randonnee.effetdesurprise.qc.ca\/wp-content\/uploads\/2021\/02\/biel-et-moi-1-1019x1024.jpg 1019w, https:\/\/randonnee.effetdesurprise.qc.ca\/wp-content\/uploads\/2021\/02\/biel-et-moi-1-300x300.jpg 300w, https:\/\/randonnee.effetdesurprise.qc.ca\/wp-content\/uploads\/2021\/02\/biel-et-moi-1-150x150.jpg 150w, https:\/\/randonnee.effetdesurprise.qc.ca\/wp-content\/uploads\/2021\/02\/biel-et-moi-1-768x772.jpg 768w, https:\/\/randonnee.effetdesurprise.qc.ca\/wp-content\/uploads\/2021\/02\/biel-et-moi-1.jpg 1050w\" sizes=\"(max-width: 1019px) 100vw, 1019px\" \/><\/figure><div class=\"wp-block-media-text__content\">\n<p class=\"has-text-align-center has-normal-font-size\">En m\u00e9moire de mon cousin, Jean-Gabriel Damizet <\/p>\n\n\n\n<p class=\"has-text-align-center has-normal-font-size\">(1970-2021)<\/p>\n<\/div><\/div>\n\n\n\n<div style=\"height:100px\" aria-hidden=\"true\" class=\"wp-block-spacer\"><\/div>\n\n\n\n<p>Le ciel est par-dessus le toit. Sur la terrasse, il y a une grande \u00e9chelle qui m\u00e8ne jusqu\u2019\u00e0 lui. Pendant que Brigitte s\u2019occupe de Sabine dans la cuisine \u00e0 Salcigneux, toi et moi, nous projetons une grande exp\u00e9dition : <em>et si on grimpait l\u00e0 haut? Ouai \ud83d\ude00 si on grimpait tout en haut&#8230; pour voir le monde?\u00a0<\/em><\/p>\n\n\n\n<p>Nous avons \u00e0 peine 4 ans mais d\u00e9j\u00e0 de grandes ambitions! C\u2019est d\u00e9cid\u00e9 : je monte la premi\u00e8re, tu m\u2019encourages quelques barreaux plus bas. Arriv\u00e9e \u00e0 la lisi\u00e8re du toit, je te crie : \u00ab<em>Monte, viens voir, Biel, c\u2019est beau!<\/em>\u00bb<\/p>\n\n\n\n<p>Aujourd\u2019hui, c\u2019est toi qui as grimp\u00e9 en premier, c\u2019est qui tu as pris les devants dans le grand escalier, mais Brigitte ne pourra pas venir te chercher et te ramener en bas comme autrefois. Et moi, sur la terrasse, je reste seule et je pleure.&nbsp;<\/p>\n\n\n\n<p>Notre vie dure ce qu\u2019elle dure mais je ne suis plus vraiment s\u00fbre de rien si tu t\u2019en vas.<\/p>\n\n\n\n<p>Tu ne voudrais pas me voir triste et d\u2019o\u00f9 tu es, je t\u2019entends me dire : \u00ab<em>Nath, c\u2019est beau! Comme dans nos r\u00eaves d&rsquo;enfants, ouai \ud83d\ude00 c\u2019est beau comme avant.<\/em>\u00bb&nbsp;<\/p>\n\n\n\n<p>Mais moi, tu vois, j\u2019aimerais qu\u2019on ait encore 4 ans pour que tu me serres fort dans tes bras ou que tu me fasses rire aux \u00e9clats comme sur ces photos jaunies o\u00f9 on avait l\u2019air si heureux. J\u2019aimerais qu\u2019on ait encore 10 ans pour que tu chantes sans cesse cette rengaine qui me faisait enrager : \u00ab<em>Nataloche, dans sa dodoche mange des brioches!<\/em>\u00bb J\u2019aimerais qu\u2019on ait encore 18 ans pour nous retrouver \u00e0 Lourdes devant la grotte, fervents. J\u2019aimerais qu\u2019on ait encore 20 ans&nbsp; pour bosser comme deux potaches studieux, toi, sur tes planches d\u2019anatomie et moi, sur mes th\u00e8mes latins. Mais j\u2019aimerais surtout qu\u2019aujourd\u2019hui tu dises au grand portier du paradis : \u00ab<em>D\u00e9sol\u00e9, c\u2019est pas mon heure, ils m\u2019attendent en bas. Essai manqu\u00e9, on se reverra plus tard!<\/em>\u00bb&nbsp;<\/p>\n\n\n\n<p>Reviens, Biel, s\u2019il te plait, reviens juste une minute, une derni\u00e8re fois : j\u2019ai besoin de voir tes yeux bleus couleur de mer.&nbsp;<\/p>\n\n\n\n<p>Reviens, Biel, s\u2019il te plait, reviens juste une minute, une derni\u00e8re fois : j\u2019ai pas eu le temps de te dire \u00e0 quel point j\u2019\u00e9tais fi\u00e8re de toi.&nbsp;<\/p>\n\n\n\n<p>Reviens, Biel, reviens comme dans nos r\u00eaves d\u2019enfants.&nbsp;<\/p>\n\n\n\n<p>Reviens Biel, tu me manques tellement.<\/p>\n\n\n\n<div class=\"wp-block-image\"><figure class=\"aligncenter size-large\"><img decoding=\"async\" loading=\"lazy\" width=\"1024\" height=\"669\" src=\"https:\/\/randonnee.effetdesurprise.qc.ca\/wp-content\/uploads\/2021\/02\/mariage-1024x669.jpg\" alt=\"\" class=\"wp-image-2687\" srcset=\"https:\/\/randonnee.effetdesurprise.qc.ca\/wp-content\/uploads\/2021\/02\/mariage-1024x669.jpg 1024w, https:\/\/randonnee.effetdesurprise.qc.ca\/wp-content\/uploads\/2021\/02\/mariage-300x196.jpg 300w, https:\/\/randonnee.effetdesurprise.qc.ca\/wp-content\/uploads\/2021\/02\/mariage-768x502.jpg 768w, https:\/\/randonnee.effetdesurprise.qc.ca\/wp-content\/uploads\/2021\/02\/mariage.jpg 1225w\" sizes=\"(max-width: 1024px) 100vw, 1024px\" \/><\/figure><\/div>\n","protected":false},"excerpt":{"rendered":"<p>En m\u00e9moire de mon cousin, Jean-Gabriel Damizet (1970-2021) Le ciel est par-dessus le toit. Sur la terrasse, il y a une grande \u00e9chelle qui m\u00e8ne jusqu\u2019\u00e0 lui. Pendant que Brigitte s\u2019occupe de Sabine dans la cuisine \u00e0 Salcigneux, toi et moi, nous projetons une grande exp\u00e9dition : et si on grimpait l\u00e0 haut? Ouai \ud83d\ude00 [&hellip;]<\/p>\n","protected":false},"author":2,"featured_media":0,"comment_status":"open","ping_status":"open","sticky":false,"template":"","format":"standard","meta":[],"categories":[3],"tags":[82],"_links":{"self":[{"href":"https:\/\/randonnee.effetdesurprise.qc.ca\/index.php?rest_route=\/wp\/v2\/posts\/2680"}],"collection":[{"href":"https:\/\/randonnee.effetdesurprise.qc.ca\/index.php?rest_route=\/wp\/v2\/posts"}],"about":[{"href":"https:\/\/randonnee.effetdesurprise.qc.ca\/index.php?rest_route=\/wp\/v2\/types\/post"}],"author":[{"embeddable":true,"href":"https:\/\/randonnee.effetdesurprise.qc.ca\/index.php?rest_route=\/wp\/v2\/users\/2"}],"replies":[{"embeddable":true,"href":"https:\/\/randonnee.effetdesurprise.qc.ca\/index.php?rest_route=%2Fwp%2Fv2%2Fcomments&post=2680"}],"version-history":[{"count":7,"href":"https:\/\/randonnee.effetdesurprise.qc.ca\/index.php?rest_route=\/wp\/v2\/posts\/2680\/revisions"}],"predecessor-version":[{"id":2690,"href":"https:\/\/randonnee.effetdesurprise.qc.ca\/index.php?rest_route=\/wp\/v2\/posts\/2680\/revisions\/2690"}],"wp:attachment":[{"href":"https:\/\/randonnee.effetdesurprise.qc.ca\/index.php?rest_route=%2Fwp%2Fv2%2Fmedia&parent=2680"}],"wp:term":[{"taxonomy":"category","embeddable":true,"href":"https:\/\/randonnee.effetdesurprise.qc.ca\/index.php?rest_route=%2Fwp%2Fv2%2Fcategories&post=2680"},{"taxonomy":"post_tag","embeddable":true,"href":"https:\/\/randonnee.effetdesurprise.qc.ca\/index.php?rest_route=%2Fwp%2Fv2%2Ftags&post=2680"}],"curies":[{"name":"wp","href":"https:\/\/api.w.org\/{rel}","templated":true}]}}