{"id":2330,"date":"2015-04-06T14:34:33","date_gmt":"2015-04-06T19:34:33","guid":{"rendered":"http:\/\/randonnee.effetdesurprise.qc.ca\/?p=2330"},"modified":"2015-04-06T14:34:33","modified_gmt":"2015-04-06T19:34:33","slug":"en-attendant-que-la-neige-fonde","status":"publish","type":"post","link":"https:\/\/randonnee.effetdesurprise.qc.ca\/?p=2330","title":{"rendered":"En attendant que la neige fonde&#8230;"},"content":{"rendered":"<p style=\"text-align: justify;\">Je ne sais pas pour vous, mais la derni\u00e8re offensive de l&rsquo;hiver en fin de semaine (je croise les doigts pour ce soit la derni\u00e8re) m&rsquo;a litt\u00e9ralement achev\u00e9e. Okay, c&rsquo;est plus beau une couverture d&rsquo;un blanc immacul\u00e9 que la sloche et les bancs de neige gris\u00e2tres&#8230; Cependant,\u00a0 un 6 avril apr\u00e8s plus de six mois de neige et de frette, j&rsquo;ai le droit d&rsquo;esp\u00e9rer un autre refrain que celui de <a href=\"http:\/\/fr.wikipedia.org\/wiki\/Soir_d%27hiver\" target=\"_blank\">Soir d&rsquo;hiver<\/a> sans avoir \u00e0 imaginer toutes sortes de variations sur le sujet comme Andr\u00e9 Sauv\u00e9 pour oublier\u00a0 le spasme de vivre du plus long hiver que j&rsquo;ai connu depuis mon installation au Qu\u00e9bec.<\/p>\n<p><iframe loading=\"lazy\" frameborder=\"0\" width=\"480\" height=\"270\" src=\"\/\/www.dailymotion.com\/embed\/video\/x9y4te\" allowfullscreen><\/iframe><br \/><a href=\"http:\/\/www.dailymotion.com\/video\/x9y4te_andre-sauve-la-poesie_fun\" target=\"_blank\">Andre Sauve &#8211; La Poesie<\/a> <i>par <a href=\"http:\/\/www.dailymotion.com\/justepourriremontreal\" target=\"_blank\">justepourriremontreal<\/a><\/i><\/p>\n<p style=\"text-align: justify;\">Dimanche soir, peut-\u00eatre \u00e0 cause du beau soleil et d&rsquo;une trop grande exposition au magn\u00e9sium, chasse aux cocos oblige, j&rsquo;ai cru que\u00a0 le cong\u00e9 de P\u00e2ques avait sonn\u00e9 le glas de cet hiver interminable et qu&rsquo;avril serait radieux, chaud et la neige, histoire du pass\u00e9. Voulant confirmer mon intuition qui ne me trompe jamais, je suis all\u00e9e naviguer sur le site de M\u00e9t\u00e9o M\u00e9dia pour conna\u00eetre le<a href=\"http:\/\/www.dailymotion.com\/video\/x9y4te_andre-sauve-la-poesie_fun\" target=\"_blank\">s <\/a><a href=\"http:\/\/bcove.me\/dakx26rd\" target=\"_blank\">pr\u00e9visions du mois \u00e0 venir<\/a>. \u00d4 rage! \u00d4 d\u00e9sespoir! \u00d4 hiver ennemi!<\/p>\n<blockquote><p><em>\u00abApr\u00e8s trois mois cons\u00e9cutifs sous les normales de saison, avril  2015 ne semble pas vouloir renverser la tendance. Mis \u00e0 part une br\u00e8ve  intrusion de chaleur \u00e0 mi-parcours, le mois d\u2019avril s\u2019annonce frais.  Seuls les audacieux pourront profiter des terrasses \u00e0 cette p\u00e9riode  cette ann\u00e9e. Les temp\u00e9ratures resteront sous les normales  saisonni\u00e8res en premier lieu. Une pouss\u00e9e de douceur pourrait se frayer  un chemin \u00e0 la mi-avril, avant de c\u00e9der de nouveau sa place \u00e0 du temps  frais. Selon R\u00e9jean Ouimet, m\u00e9t\u00e9orologue et pr\u00e9sentateur \u00e0  M\u00e9t\u00e9oM\u00e9dia, la douceur prolong\u00e9e aura du mal \u00e0 s\u2019installer, d\u2019autant  plus que le Qu\u00e9bec accuse environ deux semaines de retard au point de  vue m\u00e9t\u00e9o sur la moyenne. Les perturbations pourraient ainsi se manifester davantage sous forme de  neige et habituellement en avril sur l&rsquo;ensemble de la Province, il tombe entre 10 et 40 cm de neige.\u00bb <\/em><\/p><\/blockquote>\n<p style=\"text-align: center;\"><a href=\"http:\/\/randonnee.effetdesurprise.qc.ca\/wp-content\/uploads\/2015\/04\/Capture-d\u2019e\u0301cran-2015-04-06-a\u0300-14.08.21.png\"><img decoding=\"async\" loading=\"lazy\" class=\"aligncenter size-full wp-image-2344\" title=\"Capture d\u2019e\u0301cran 2015-04-06 a\u0300 14.08.21\" src=\"http:\/\/randonnee.effetdesurprise.qc.ca\/wp-content\/uploads\/2015\/04\/Capture-d\u2019e\u0301cran-2015-04-06-a\u0300-14.08.21.png\" alt=\"\" width=\"498\" height=\"741\" \/><\/a><\/p>\n<p style=\"text-align: justify;\">\u00c0 la lecture de ces mots, mon moral accusa le coup! C&rsquo;en \u00e9tait trop! Je d\u00e9cidai que, pour aider le printemps et l&rsquo;apparition de la verdure, il fallait cr\u00e9er un \u00e9lan collectif qui ne manquerait pas de r\u00e9chauffer l&rsquo;air et de faire fondre cette neige plus rapidement que les m\u00e9t\u00e9orologues ne le pr\u00e9voyaient.<\/p>\n<p>Voici donc le d\u00e9fi auquel je vous convie : conjuguons nos efforts et cr\u00e9ons collectivement une ode au printemps sur Twitter pour faire un pied de nez \u00e0 la froidure et faire mentir les pr\u00e9visions m\u00e9t\u00e9os. J&rsquo;ai choisi 28 photos* en ayant en t\u00eate ce d\u00e9but de phrase : <em>en attendant que la neige fonde&#8230;<\/em> et en esp\u00e9rant que le chiffre du plus petit mois de l&rsquo;ann\u00e9e, celui du mois de la Twitt\u00e9rature, sera de bon augure. Il vous suffit de choisir une de ces photos et d&rsquo;\u00e9crire un tweet qui, tout en rendant compte de ce que l&rsquo;image vous inspire, compl\u00e8tera la phrase \u00aben attendant que la neige fonde&#8230;\u00bb. Il n&rsquo;est pas n\u00e9cessaire de citer ce d\u00e9but de phrase dans votre tweet. Par contre, il faudra y int\u00e9grer la balise #eaqlnf (r\u00e9duction acronymique de #EnAttendantQueLaNeigeFonde) pour me permettre de r\u00e9cup\u00e9rer facilement tous les tweets du d\u00e9fi. Il faudra \u00e9galement ajouter le # de la photo que vous choisissez de commenter. Il est inscrit \u00e0 c\u00f4t\u00e9 de la photo.<\/p>\n<p style=\"text-align: justify;\"><iframe loading=\"lazy\" src=\"\/\/www.slideshare.net\/slideshow\/embed_code\/46692871\" width=\"476\" height=\"400\" frameborder=\"0\" marginwidth=\"0\" marginheight=\"0\" scrolling=\"no\"><\/iframe><\/p>\n<p style=\"text-align: justify;\">&nbsp;<\/p>\n<p style=\"text-align: justify;\">Au plaisir de vous lire et que fonde la neige!<\/p>\n<p style=\"text-align: justify;\">&nbsp;<\/p>\n<p>*  Pas besoin d&rsquo;une psychanalyse en r\u00e8gle pour expliquer le choix des 28 photos : hasard et coup de coeur sont les seules justifications. \ud83d\ude42 <\/p>\n<p style=\"text-align: justify;\">&nbsp;<\/p>\n","protected":false},"excerpt":{"rendered":"<p>Je ne sais pas pour vous, mais la derni\u00e8re offensive de l&rsquo;hiver en fin de semaine (je croise les doigts pour ce soit la derni\u00e8re) m&rsquo;a litt\u00e9ralement achev\u00e9e. Okay, c&rsquo;est plus beau une couverture d&rsquo;un blanc immacul\u00e9 que la sloche et les bancs de neige gris\u00e2tres&#8230; Cependant,\u00a0 un 6 avril apr\u00e8s plus de six mois [&hellip;]<\/p>\n","protected":false},"author":2,"featured_media":0,"comment_status":"open","ping_status":"open","sticky":false,"template":"","format":"standard","meta":[],"categories":[6],"tags":[34,51,35],"_links":{"self":[{"href":"https:\/\/randonnee.effetdesurprise.qc.ca\/index.php?rest_route=\/wp\/v2\/posts\/2330"}],"collection":[{"href":"https:\/\/randonnee.effetdesurprise.qc.ca\/index.php?rest_route=\/wp\/v2\/posts"}],"about":[{"href":"https:\/\/randonnee.effetdesurprise.qc.ca\/index.php?rest_route=\/wp\/v2\/types\/post"}],"author":[{"embeddable":true,"href":"https:\/\/randonnee.effetdesurprise.qc.ca\/index.php?rest_route=\/wp\/v2\/users\/2"}],"replies":[{"embeddable":true,"href":"https:\/\/randonnee.effetdesurprise.qc.ca\/index.php?rest_route=%2Fwp%2Fv2%2Fcomments&post=2330"}],"version-history":[{"count":72,"href":"https:\/\/randonnee.effetdesurprise.qc.ca\/index.php?rest_route=\/wp\/v2\/posts\/2330\/revisions"}],"predecessor-version":[{"id":2405,"href":"https:\/\/randonnee.effetdesurprise.qc.ca\/index.php?rest_route=\/wp\/v2\/posts\/2330\/revisions\/2405"}],"wp:attachment":[{"href":"https:\/\/randonnee.effetdesurprise.qc.ca\/index.php?rest_route=%2Fwp%2Fv2%2Fmedia&parent=2330"}],"wp:term":[{"taxonomy":"category","embeddable":true,"href":"https:\/\/randonnee.effetdesurprise.qc.ca\/index.php?rest_route=%2Fwp%2Fv2%2Fcategories&post=2330"},{"taxonomy":"post_tag","embeddable":true,"href":"https:\/\/randonnee.effetdesurprise.qc.ca\/index.php?rest_route=%2Fwp%2Fv2%2Ftags&post=2330"}],"curies":[{"name":"wp","href":"https:\/\/api.w.org\/{rel}","templated":true}]}}