{"id":2247,"date":"2014-08-08T08:48:39","date_gmt":"2014-08-08T13:48:39","guid":{"rendered":"http:\/\/randonnee.effetdesurprise.qc.ca\/?p=2247"},"modified":"2014-08-14T21:57:05","modified_gmt":"2014-08-15T02:57:05","slug":"impressions-de-vacances","status":"publish","type":"post","link":"https:\/\/randonnee.effetdesurprise.qc.ca\/?p=2247","title":{"rendered":"Impressions de vacances"},"content":{"rendered":"<p style=\"text-align: right;\"><em><a href=\"http:\/\/randonnee.effetdesurprise.qc.ca\/wp-content\/uploads\/2014\/08\/IMG_1547.jpg\"><img decoding=\"async\" loading=\"lazy\" class=\"alignleft size-thumbnail wp-image-2248\" title=\"IMG_1547\" src=\"http:\/\/randonnee.effetdesurprise.qc.ca\/wp-content\/uploads\/2014\/08\/IMG_1547-150x150.jpg\" alt=\"\" width=\"150\" height=\"150\" \/><\/a><\/em><em style=\"font-size: 13px;\">\u00abTout seul, on va plus vite, <\/em><\/p>\n<p style=\"text-align: right;\"><em style=\"font-size: 13px;\">ensemble on va plus loin !\u00bb <\/em><\/p>\n<p style=\"text-align: right;\"><em style=\"font-size: 13px;\"> <\/em><span style=\"font-size: 13px;\">Proverbe africain<\/span><\/p>\n<p style=\"text-align: justify;\"><em> <\/em>C&rsquo;est l&rsquo;\u00e9t\u00e9, et qui dit \u00e9t\u00e9 dit entre autres vacances, voyage, d\u00e9paysement, d\u00e9couverte, aventure et repos. Durant ces deux mois d&rsquo;\u00e9t\u00e9, nous aurons<span style=\"font-size: 13px;\"> collectionn\u00e9 de belles images, <\/span><span style=\"font-size: 13px;\">respir\u00e9 des parfums insolites, fait des rencontres nouvelles ou des retrouvailles, go\u00fbt\u00e9 des saveurs multiples, v\u00e9cu des petits moments, dr\u00f4les ou tendres ou \u00e9mouvants, mais sans aucun doute intemporels car ils resteront grav\u00e9s quelque part dans nos m\u00e9moires, intimes t\u00e9moins passagers de cet \u00e9t\u00e9 2014\u2026<\/span><\/p>\n<p style=\"text-align: justify;\"><span style=\"font-size: 13px;\">Comme le disait <a href=\"http:\/\/eclectico.effetdesurprise.qc.ca\/?p=3536\" target=\"_blank\">ici,<\/a> ma ch\u00e8re et regrett\u00e9e amie Monique Le Pailleur, \u00abl\u2019une des forces de la collaboration facilit\u00e9e par \u00a0les r\u00e9seaux sociaux (qu\u2019il s\u2019agisse de Twitter ou de Facebook) m\u2019appara\u00eet \u00a0\u00eatre la fusion des imaginaires collectifs et la mise en commun des talents de chacun.\u00bb C&rsquo;est dans l&rsquo;espoir de cr\u00e9er le plus beau r\u00e9cit de l&rsquo;\u00e9t\u00e9 2014 avec l&rsquo;apport de chacune de vos histoires personnelles, que je vous invite \u00e0 partager<\/span><span style=\"font-size: 13px;\"> sur Twitter un souvenir de votre \u00e9t\u00e9 2014. Au fur et \u00e0 mesure des publications, j&rsquo;\u00e9tablirai une carte pour rendre compte de nos tribulations estivales. Contrairement aux autres r\u00e9cits \u00e9crits en collaboration, i<\/span><span style=\"font-size: 13px;\">l n&rsquo;importe pas de tenir compte des tweets pr\u00e9c\u00e9dents figurant sur le fil de Twitter. L&rsquo;important ici est de partager \u00e0 l&rsquo;ensemble de la communaut\u00e9 un souvenir et que celui-ci devienne l&rsquo;\u00e9l\u00e9ment d&rsquo;un r\u00e9cit-mosa\u00efque qui se <\/span><span style=\"font-size: 13px;\">coconstruira simplement par l&rsquo;ajout de vos gazouillis les uns \u00e0 la suite des autres sous le mot-clic #TwtVac.<\/span><\/p>\n<p style=\"text-align: justify;\"><span style=\"font-size: 13px;\"> <\/span><span style=\"font-size: 13px;\">Comme la rentr\u00e9e scolaire au Qu\u00e9bec est le 25 ao\u00fbt pour la plupart des enseignants, je nous donne jusqu&rsquo;\u00e0 cette date pour publier nos tweets. <\/span><\/p>\n<p style=\"text-align: justify;\">&nbsp;<\/p>\n<p style=\"text-align: justify;\"><strong style=\"font-size: 13px;\">Les consignes :<\/strong><\/p>\n<p style=\"text-align: justify;\">1. Le tweet doit inclure <strong>une photo<\/strong> du moment que vous d\u00e9sirez partager.<\/p>\n<p style=\"text-align: justify;\">2. Le tweet doit imp\u00e9rativement comporter dans le message qui accompagne la photo <strong>les lettres du mot \u00c9T\u00c9 <\/strong>et ce,\u00a0en hommage aux jeux litt\u00e9raires oulipiens.<\/p>\n<p style=\"text-align: justify;\">3. Le tweet doit inclure la balise <strong>#TwtVac<\/strong><\/p>\n<p style=\"text-align: justify;\">4. Le tweet doit inclure la <strong>mention du lieu<\/strong>. Vous pouvez soit l&rsquo;inclure dans le tweet, soit utiliser la g\u00e9olocalisation sur Twitter, soit me la mentionner en MP.<\/p>\n<p style=\"text-align: justify;\">5..\u00a0Le jeu s&rsquo;ach\u00e8vera <strong>le 24 ao\u00fbt 2014 \u00e0 minuit<\/strong> (heure du Qu\u00e9bec) et vous serez pr\u00e9venus de la fin du projet sur Twitter. Le texte coproduit sera ensuite \u00a0finalis\u00e9 et publi\u00e9 sur mon blogue.<\/p>\n<p style=\"text-align: justify;\">&nbsp;<\/p>\n<p style=\"text-align: justify;\">Je souhaite ardemment que ce d\u00e9fi \u00abpo\u00e9ticovacancier\u00bb vous int\u00e9resse. Je vous rappelle qu\u2019il suffit d\u2019une seule collaboration pertinente pour faire partie du collectif d\u2019auteurs et que votre pseudo Twitter figurera \u00e0 la fin du r\u00e9cit que vous aurez permis de cr\u00e9er.<\/p>\n<div style=\"text-align: justify;\">\n<p>Alors, \u00e7a vous tente de plonger avec moi et de r\u00e9ussir \u00e0 nous \u00e9tonner les uns les autres ?\u00a0Si vous y consentez, je vous attends avec joie sur <a href=\"https:\/\/twitter.com\/hashtag\/TwtVac?src=hash\" target=\"_blank\">#TwtVac<\/a>. Le voyage est d\u00e9j\u00e0 commenc\u00e9\u2026<\/p>\n<\/div>\n<p style=\"text-align: justify;\">&nbsp;<\/p>\n<p style=\"text-align: justify;\">&nbsp;<\/p>\n","protected":false},"excerpt":{"rendered":"<p>\u00abTout seul, on va plus vite, ensemble on va plus loin !\u00bb Proverbe africain C&rsquo;est l&rsquo;\u00e9t\u00e9, et qui dit \u00e9t\u00e9 dit entre autres vacances, voyage, d\u00e9paysement, d\u00e9couverte, aventure et repos. Durant ces deux mois d&rsquo;\u00e9t\u00e9, nous aurons collectionn\u00e9 de belles images, respir\u00e9 des parfums insolites, fait des rencontres nouvelles ou des retrouvailles, go\u00fbt\u00e9 des saveurs [&hellip;]<\/p>\n","protected":false},"author":2,"featured_media":0,"comment_status":"open","ping_status":"open","sticky":false,"template":"","format":"standard","meta":[],"categories":[1],"tags":[47,35],"_links":{"self":[{"href":"https:\/\/randonnee.effetdesurprise.qc.ca\/index.php?rest_route=\/wp\/v2\/posts\/2247"}],"collection":[{"href":"https:\/\/randonnee.effetdesurprise.qc.ca\/index.php?rest_route=\/wp\/v2\/posts"}],"about":[{"href":"https:\/\/randonnee.effetdesurprise.qc.ca\/index.php?rest_route=\/wp\/v2\/types\/post"}],"author":[{"embeddable":true,"href":"https:\/\/randonnee.effetdesurprise.qc.ca\/index.php?rest_route=\/wp\/v2\/users\/2"}],"replies":[{"embeddable":true,"href":"https:\/\/randonnee.effetdesurprise.qc.ca\/index.php?rest_route=%2Fwp%2Fv2%2Fcomments&post=2247"}],"version-history":[{"count":11,"href":"https:\/\/randonnee.effetdesurprise.qc.ca\/index.php?rest_route=\/wp\/v2\/posts\/2247\/revisions"}],"predecessor-version":[{"id":2254,"href":"https:\/\/randonnee.effetdesurprise.qc.ca\/index.php?rest_route=\/wp\/v2\/posts\/2247\/revisions\/2254"}],"wp:attachment":[{"href":"https:\/\/randonnee.effetdesurprise.qc.ca\/index.php?rest_route=%2Fwp%2Fv2%2Fmedia&parent=2247"}],"wp:term":[{"taxonomy":"category","embeddable":true,"href":"https:\/\/randonnee.effetdesurprise.qc.ca\/index.php?rest_route=%2Fwp%2Fv2%2Fcategories&post=2247"},{"taxonomy":"post_tag","embeddable":true,"href":"https:\/\/randonnee.effetdesurprise.qc.ca\/index.php?rest_route=%2Fwp%2Fv2%2Ftags&post=2247"}],"curies":[{"name":"wp","href":"https:\/\/api.w.org\/{rel}","templated":true}]}}