{"id":220,"date":"2011-03-07T16:43:25","date_gmt":"2011-03-07T21:43:25","guid":{"rendered":"http:\/\/randonnee.effetdesurprise.qc.ca\/?p=220"},"modified":"2011-03-10T14:01:11","modified_gmt":"2011-03-10T19:01:11","slug":"reussite-scolaire-et-competence-un-autre-point-de-vue","status":"publish","type":"post","link":"https:\/\/randonnee.effetdesurprise.qc.ca\/?p=220","title":{"rendered":"R\u00e9ussite scolaire et comp\u00e9tence, un autre point de vue"},"content":{"rendered":"<p style=\"text-align: justify;\"><a href=\"http:\/\/randonnee.effetdesurprise.qc.ca\/wp-content\/uploads\/2011\/03\/bibliotheque.jpg\"><img decoding=\"async\" loading=\"lazy\" class=\"alignleft size-thumbnail wp-image-222\" title=\"bibliotheque\" src=\"http:\/\/randonnee.effetdesurprise.qc.ca\/wp-content\/uploads\/2011\/03\/bibliotheque-150x150.jpg\" alt=\"\" width=\"150\" height=\"150\" \/><\/a><\/p>\n<p style=\"text-align: justify;\">\u00ab<em>Comparaison n\u2019est pas raison<\/em>\u00bb, dit l\u2019adage populaire. Je vais pourtant commencer par une comparaison parce que le pass\u00e9 peut nous \u00e9clairer ou nous donner certains arguments pour mieux r\u00e9fl\u00e9chir.<\/p>\n<p style=\"text-align: justify;\">\n<p style=\"text-align: justify;\">\n<p style=\"text-align: justify;\">\n<p style=\"text-align: justify;\">\n<p style=\"text-align: justify;\">\n<p style=\"text-align: justify;\">\n<p style=\"text-align: justify;\">\n<p style=\"text-align: justify;\">\n<p style=\"text-align: justify;\">\n<p style=\"text-align: justify;\">Vers 1450, Gutenberg invente l\u2019imprimerie. En 1492, Christophe Colomb d\u00e9couvre l\u2019Am\u00e9rique. La m\u00eame ann\u00e9e, De Vinci dessine <em>l\u2019homme de Vitruve<\/em>. En 1508, Michel-Ange d\u00e9bute la fresque du plafond de la Chapelle Sixtine et, pendant plus d\u2019un si\u00e8cle, les souverains fran\u00e7ais \u00e9rigent des ch\u00e2teaux fabuleux dans la douceur angevine ch\u00e8re \u00e0 Du Bellay. <a href=\"http:\/\/randonnee.effetdesurprise.qc.ca\/wp-content\/uploads\/2011\/03\/chambord.jpg\"><\/a>Il y a cet imaginaire romantique et merveilleux qui entoure la Renaissance et il y a surtout une \u00e9poque exceptionnelle dans l&rsquo;histoire de l&rsquo;humanit\u00e9, temps de grandes d\u00e9couvertes, temps de mutations importantes qui red\u00e9finissent les limites du monde connu\u00a0et le placent en rupture avec le pass\u00e9 m\u00e9di\u00e9val\u00a0: progression des connaissances et des m\u00e9thodes scientifiques, innovations technologiques, d\u00e9couverte de civilisations et de peuples inconnus, repr\u00e9sentation nouvelle de l\u2019espace physique, nouvelles donnes \u00e9conomiques et politiques, acc\u00e9l\u00e9ration des \u00e9changes, \u00e9mergence des langues nationales, guerres de religion, etc. Le monde est changeant, le monde n\u2019est plus plat, le monde est autre. Certains comme Montaigne, comme Rabelais, pour ne citer que deux grands penseurs de la litt\u00e9rature fran\u00e7aise, en profitent pour r\u00e9fl\u00e9chir \u00e0 la place de l\u2019homme dans ce grand brouhaha. Sensibles \u00e0 la variation, au mouvement perp\u00e9tuel des choses et des pens\u00e9es, ils s\u2019interrogent. Vous me voyez venir avec mes gros sabots? Ils se questionnent entre autres sur l\u2019\u00e9ducation, sur la coh\u00e9rence du syst\u00e8me en place. Que faut-il enseigner? Comment le faire? Quelles sont les pratiques p\u00e9dagogiques pertinentes? Comment int\u00e9grer l\u2019\u00e9cole \u00e0 ce monde qui n\u2019a rien de commun avec ce qu\u2019ils ont connu, ce monde qui devient sous leurs yeux?<a href=\"http:\/\/randonnee.effetdesurprise.qc.ca\/wp-content\/uploads\/2011\/03\/chambord1.jpg\"><img decoding=\"async\" loading=\"lazy\" class=\"aligncenter size-medium wp-image-274\" title=\"chambord\" src=\"http:\/\/randonnee.effetdesurprise.qc.ca\/wp-content\/uploads\/2011\/03\/chambord1-300x225.jpg\" alt=\"\" width=\"300\" height=\"225\" srcset=\"https:\/\/randonnee.effetdesurprise.qc.ca\/wp-content\/uploads\/2011\/03\/chambord1-300x225.jpg 300w, https:\/\/randonnee.effetdesurprise.qc.ca\/wp-content\/uploads\/2011\/03\/chambord1-1024x768.jpg 1024w, https:\/\/randonnee.effetdesurprise.qc.ca\/wp-content\/uploads\/2011\/03\/chambord1.jpg 1152w\" sizes=\"(max-width: 300px) 100vw, 300px\" \/><\/a><\/p>\n<p style=\"text-align: justify;\">Aujourd\u2019hui, cinq si\u00e8cles nous s\u00e9parent de la Renaissance et ce que nous avons en commun avec cette \u00e9poque, ce sont les profonds changements que nous vivons et les questions que nous nous posons sur ce qui doit \u00eatre r\u00e9alis\u00e9, ajust\u00e9, modifi\u00e9, conserv\u00e9 pour ne pas aggraver les tensions et enclencher une rupture radicale voire un s\u00e9isme avec ce monde qui n\u2019attend pas, lui! Je me suis d\u00e9j\u00e0 pench\u00e9e sur la question de l\u2019urgence de r\u00e9agir \u00e0 mon retour de <a href=\"http:\/\/randonnee.effetdesurprise.qc.ca\/?p=100\" target=\"_blank\">Clair2011<\/a>. Ce matin, en lisant <a href=\"http:\/\/www.cyberpresse.ca\/opinions\/201103\/03\/01-4375871-la-reussite-scolaire-nest-pas-synonyme-de-competence.php\" target=\"_blank\">l\u2019opinion d\u2019un prof de fran\u00e7ais,<\/a> publi\u00e9e il y a quelques jours, je poursuis ma r\u00e9flexion. Je pense que cet enseignant se trompe de cible, comme bien d\u2019autres avant lui d\u2019ailleurs, dans son analyse des faits et de la situation. J\u2019aimerais simplement nuancer ses propos et apporter certaines corrections dans le dossier tr\u00e8s chaud de la <a href=\"http:\/\/www.mels.gouv.qc.ca\/sections\/reussitescolaire\/\" target=\"_blank\">r\u00e9ussite scolaire<\/a>.<\/p>\n<p style=\"text-align: justify;\">Il y a un malaise certes, mais le malaise vient de comparer une r\u00e9forme \u00e0 une solution miracle. Le malaise vient d\u2019attendre une d\u00e9cision minist\u00e9rielle pour esp\u00e9rer un changement. Le malaise vient de consid\u00e9rer le renouvellement des pratiques p\u00e9dagogiques comme des tendances &#8211; \u00e0 quand le d\u00e9fil\u00e9 des p\u00e9dagogues? Le malaise vient de colporter des pr\u00e9jug\u00e9s, des propos sans fondement, des lieux communs, d\u00e9magogiques sous pr\u00e9texte qu\u2019on est un enseignant d\u2019exp\u00e9rience et qu\u2019on sait comment \u00e7a se passe dans le milieu, alors on sait de quoi on parle quand il s\u2019agit d\u2019\u00e9ducation, sous pr\u00e9texte qu\u2019on est des parents et qu\u2019on sait ce qui est bon pour nos enfants, alors on sait de quoi on parle quand il s\u2019agit d\u2019\u00e9ducation, sous pr\u00e9texte que, dans le temps, on \u00e9crivait mieux, alors on sait&#8230;. , sous pr\u00e9texte qu\u2019avant c\u2019\u00e9tait pas mal mieux que maintenant, alors&#8230; sous pr\u00e9texte que\u2026 Alignez-en des raisons pour avoir le droit \u00e0 la tribune en mati\u00e8re d\u2019\u00e9ducation\u00a0: elles sont toutes bonnes\u2026<\/p>\n<p style=\"text-align: justify;\"><a href=\"http:\/\/randonnee.effetdesurprise.qc.ca\/wp-content\/uploads\/2011\/03\/\u00e9cole.png\"><img decoding=\"async\" loading=\"lazy\" class=\"aligncenter size-medium wp-image-287\" title=\"\u00e9cole\" src=\"http:\/\/randonnee.effetdesurprise.qc.ca\/wp-content\/uploads\/2011\/03\/\u00e9cole-300x180.png\" alt=\"\" width=\"300\" height=\"180\" srcset=\"https:\/\/randonnee.effetdesurprise.qc.ca\/wp-content\/uploads\/2011\/03\/\u00e9cole-300x180.png 300w, https:\/\/randonnee.effetdesurprise.qc.ca\/wp-content\/uploads\/2011\/03\/\u00e9cole.png 422w\" sizes=\"(max-width: 300px) 100vw, 300px\" \/><\/a><\/p>\n<p style=\"text-align: justify;\">Pour ma part, j\u2019ai une autre opinion, bien diff\u00e9rente de ces discours n\u00e9gatifs, toujours identiques d\u2019ailleurs, d\u00e9signant toujours les m\u00eames responsables, \u00e0 croire qu\u2019il y a une sorte de police secr\u00e8te destin\u00e9e \u00e0 relancer des d\u00e9bats st\u00e9riles pour ne pas parler des vraies affaires. Alors, permettez-moi de renverser la vapeur parce que j\u2019en ai plus qu\u2019assez que soit valoris\u00e9 ce genre de discours plut\u00f4t que les bons coups, les r\u00e9ussites, l\u2019accompagnement et la r\u00e9flexion p\u00e9dagogiques de tr\u00e8s haute qualit\u00e9 r\u00e9alis\u00e9s par des professionnels engag\u00e9s et comp\u00e9tents et, supportant le tout, la plus-value qu\u2019apporte une bonne compr\u00e9hension des programmes et des documents minist\u00e9riels comme la Progression des apprentissages.<\/p>\n<p style=\"text-align: justify;\">Comme des <a href=\"http:\/\/www.ulaval.ca\/crires\/\" target=\"_blank\">recherches universitaires<\/a> \u00e0 l\u2019\u00e9chelle internationale se pr\u00e9occupent des facteurs de r\u00e9ussite scolaire et que ma communaut\u00e9 (merci Twitter) me nourrit constamment des nouveaut\u00e9s en la mati\u00e8re, je me permets d&rsquo;utiliser leurs conclusions qui, n\u2019en d\u00e9plaise \u00e0 tous les d\u00e9tracteurs de la r\u00e9forme et du changement en g\u00e9n\u00e9ral, r\u00e9futent un par un les points avanc\u00e9s par Monsieur L\u00e9vesque dans son billet.<\/p>\n<p style=\"text-align: justify;\">D&rsquo;une part, depuis 1989, <a href=\"http:\/\/philippe-watrelot.blogspot.com\/\" target=\"_blank\">les statistiques<\/a> et <a href=\"http:\/\/philippe-watrelot.blogspot.com\/\" target=\"_blank\">les \u00e9tudes,<\/a> partout dans le monde, prouvent que le redoublement n\u2019a jamais \u00e9t\u00e9 une solution efficace d\u2019o\u00f9 la motivation de penser les apprentissages en terme de progression sur des cycles et de comp\u00e9tences transversales entre les disciplines et non en contenus enferm\u00e9s dans des silos non-communicants.<\/p>\n<p style=\"text-align: justify;\">D\u2019autre part, m\u00eame si on a ferm\u00e9 la grande majorit\u00e9 des \u00abclasses sp\u00e9ciales\u00bb, en int\u00e9grant les \u00e9l\u00e8ves \u00e0 besoins particuliers dans des classes r\u00e9guli\u00e8res, on a cr\u00e9\u00e9 d\u2019un autre c\u00f4t\u00e9 des programmes particuliers (PEI et autres parcours sp\u00e9ciaux contingent\u00e9s par les r\u00e9sultats acad\u00e9miques) qui excluent les \u00e9l\u00e8ves en difficult\u00e9s, recr\u00e9ant ainsi un syst\u00e8me \u00e0 plusieurs vitesses. On constate alors des \u00e9carts d\u00e9mesur\u00e9s dans les \u00e9coles sur un m\u00eame niveau, ce qui rend encore plus complexe et moins \u00e9quitable la t\u00e2che des enseignants oblig\u00e9s de composer avec des r\u00e9alit\u00e9s extr\u00eamement diff\u00e9rentes d\u2019un groupe \u00e0 l\u2019autre, sans pour autant \u00eatre suffisamment outill\u00e9s pour y faire face. Enseigner selon un mod\u00e8le, c\u2019est une utopie,\u00a0 car l\u2019enseignement doit s\u2019adapter \u00e0 tous, et non l\u2019inverse, et pour cela il faut accompagner les enseignants \u00e0 n\u00e9gocier ces \u00e9carts, les aider \u00e0 diff\u00e9rencier pour donner aux \u00e9l\u00e8ves la chance de r\u00e9ussir.<\/p>\n<p style=\"text-align: justify;\">Le clou du billet repose dans cette affirmation p\u00e9remptoire qui tombe comme une condamnation implacable. Je cite\u00a0: \u00ab<em>Et on a mis en oeuvre la fameuse \u00abr\u00e9forme\u00bb qui a fait r\u00e9gresser les \u00e9l\u00e8ves, tant au niveau des connaissances acquises que des comp\u00e9tences, si on les compare aux \u00e9l\u00e8ves qui n&rsquo;ont pas eu \u00e0 subir cet autre changement id\u00e9ologique.<\/em>\u00bb Cependant, le 9 d\u00e9cembre 2010, ont \u00e9t\u00e9 publi\u00e9s les r\u00e9sultats de ces jeunes \u00abr\u00e9form\u00e9s\u00bb aux <a href=\"http:\/\/www.ledevoir.com\/societe\/education\/312879\/resultats-du-quebec-au-pisa-soyons-fiers-de-notre-systeme-d-education\" target=\"_blank\">tests du programme PISA<\/a> (Programme international pour le suivi des acquis des \u00e9l\u00e8ves) de l&rsquo;OCDE en mati\u00e8re de r\u00e9ussite sur le plan international en lecture, en math\u00e9matiques et en sciences. Et pour faire un pied de nez \u00e0 ceux qui attendaient l&rsquo;occasion pour achever le renouveau p\u00e9dagogique, nos jeunes du Qu\u00e9bec se sont class\u00e9s dans le peloton de t\u00eate\u00a0: premier rang en math\u00e9matiques au Canada et deuxi\u00e8me dans le monde occidental, apr\u00e8s la Finlande; 4e rang au Canada en sciences et 13e (sur 65 pays) \u00e0 l&rsquo;\u00e9chelle internationale et, pour ce qui est de la capacit\u00e9 de lecture et de compr\u00e9hension, un 6e rang au plan mondial et un 2e en Occident (toujours apr\u00e8s la Finlande). Mais plus remarquable encore&#8230; le Qu\u00e9bec se classe au premier rang dans le monde francophone, devant la France, la Belgique et la Suisse! Vous me direz que ces r\u00e9sultats ne valent rien, qu\u2019ils \u00e9valuent d\u2019une fa\u00e7on biais\u00e9e, qu\u2019au bout d\u2019une dizaine d\u2019ann\u00e9es de r\u00e9forme, ces r\u00e9sultats ne prouvent qu\u2019une chose, c\u2019est la stagnation.\u00a0 Toutefois, ce que ces r\u00e9sultats prouvent, c\u2019est la fausset\u00e9 de l\u2019argument avanc\u00e9 par Monsieur L\u00e9vesque puisque nos jeunes ne sont pas moins connaissants ni moins comp\u00e9tents que ces g\u00e9n\u00e9rations b\u00e9nies des dieux, celles d&rsquo;avant les dommages du socioconstructivisme\u2026<\/p>\n<p style=\"text-align: justify;\">Autre mythe : celui de l\u2019\u00e9l\u00e8ve moyen, r\u00e9gulier\u2026 \u00c7a existe? Faut-il comprendre ici qu&rsquo;on recherche un type id\u00e9al d\u2019\u00e9l\u00e8ve, un joli moule dans lequel le maximum cadrerait? Est-ce la volont\u00e9 de faire pareil pour tous sans tenir compte des diff\u00e9rences de chacun ? Que tous fassent au m\u00eame moment les m\u00eames t\u00e2ches que propose un mat\u00e9riel didactique rarement remis en question, pour \u00eatre s\u00fbr de ne pas s\u2019\u00e9garer dans un programme dont on laisse \u00e0 d\u2019autres l\u2019interpr\u00e9tation\u2026?<\/p>\n<p style=\"text-align: justify;\">\n<p style=\"text-align: justify;\">Autre croyance : le programme serait la cause, le grand responsable du mortel ennui qui frappe les \u00e9l\u00e8ves dans nos salles de classe? <em>\u00abAh, comme la neige a neig\u00e9<\/em>\u00bb, soupirent-ils en comptant les flocons&#8230; d\u00e9sesp\u00e9r\u00e9s d&rsquo;attendre que quelque chose de signifiant se produise&#8230; N&rsquo;\u00e9coutant que mon courage, mue par une audace subite, je saisis donc mon programme : aucune torpeur, aucun engourdissement de mon esprit, aucun baillement&#8230;. serais-je insensible aux effets soporifiques des programmes de formation de l&rsquo;\u00e9cole qu\u00e9b\u00e9coise? Poussant l&rsquo;audace un cran plus loin, je l&rsquo;\u00e9pluche page apr\u00e8s page, et partout je trouve des indices pour m&rsquo;aider \u00e0 planifier l&rsquo;enseignement et les apprentissages, autant d&rsquo;\u00e9l\u00e9ments \u00e0 articuler comme les familles de situations, les composantes de la comp\u00e9tence, les strat\u00e9gies et les processus sollicit\u00e9s, les notions, concepts et rep\u00e8res culturels (ce sont trois mots synonymes de connaissances au cas o\u00f9 vous ne l&rsquo;auriez pas devin\u00e9). Alors, quand je lis dans le programme de fran\u00e7ais, deuxi\u00e8me cycle du secondaire, \u00e0 la page 17, les pr\u00e9cisions sur le r\u00f4le de l\u2019enseignant, \u00e0 savoir \u00ab<em>varier et diff\u00e9rencier les approches en offrant des modalit\u00e9s de travail et des t\u00e2ches qui stimulent l\u2019int\u00e9r\u00eat, font appel \u00e0 des strat\u00e9gies diff\u00e9rentes, tiennent compte des diverses fa\u00e7ons d\u2019apprendre et sollicitent la capacit\u00e9 d\u2019adaptation des divers types d\u2019\u00e9l\u00e8ves<\/em>\u00bb, en quoi cela est-il si diff\u00e9rent que d\u2019enseigner selon les besoins r\u00e9els des \u00e9l\u00e8ves?<\/p>\n<p style=\"text-align: center;\"><a href=\"http:\/\/randonnee.effetdesurprise.qc.ca\/wp-content\/uploads\/2011\/03\/programme.png\"><img decoding=\"async\" loading=\"lazy\" class=\"aligncenter size-medium wp-image-312\" title=\"programme\" src=\"http:\/\/randonnee.effetdesurprise.qc.ca\/wp-content\/uploads\/2011\/03\/programme-300x204.png\" alt=\"\" width=\"300\" height=\"204\" srcset=\"https:\/\/randonnee.effetdesurprise.qc.ca\/wp-content\/uploads\/2011\/03\/programme-300x204.png 300w, https:\/\/randonnee.effetdesurprise.qc.ca\/wp-content\/uploads\/2011\/03\/programme.png 1014w\" sizes=\"(max-width: 300px) 100vw, 300px\" \/><\/a><\/p>\n<p style=\"text-align: justify;\">En outre, pourquoi opposer r\u00e9ussite scolaire et comp\u00e9tence, sous-entendant que le seul objectif des enseignants est de rendre les \u00e9l\u00e8ves comp\u00e9tents, instaurant une scission entre r\u00e9ussite scolaire et comp\u00e9tence? <a href=\"http:\/\/www.education.auckland.ac.nz\/uoa\/home\/about\/staff\/j.hattie\" target=\"_blank\">John Hattie<\/a>, un universitaire n\u00e9oz\u00e9landais, a patiemment compil\u00e9 pendant 15 ans plus de 50\u00a0000 \u00e9tudes concernant des millions d\u2019\u00e9l\u00e8ves et a publi\u00e9 en 2009 <a href=\"http:\/\/books.google.fr\/books?id=c2GbhdNoQX8C&amp;printsec=frontcover&amp;dq=john+hattie+visible+learning&amp;source=bl&amp;ots=fjKJfyF88_&amp;sig=YSOocZrhWi1pSL9SROfg2bXgyu0&amp;hl=fr&amp;ei=Z3l5S4SnLIOd4QaKqLiiBw&amp;sa=X&amp;oi=book_result&amp;ct=result&amp;resnum=2&amp;ved=0CBUQ6AEwAQ#v=onepage&amp;q&amp;f=false\" target=\"_blank\">une synth\u00e8se de toutes ces m\u00e9ta-analyses<\/a> dans laquelle il liste les facteurs qui influencent <a href=\"http:\/\/www.lalibre.be\/actu\/belgique\/article\/578522\/education-parle-t-on-des-bons-sujets.html\" target=\"_blank\">la r\u00e9ussite des \u00e9l\u00e8ves.<\/a> Sans pr\u00e9senter de nouveaut\u00e9s intrins\u00e8ques, cette liste a le m\u00e9rite d\u2019identifier les pratiques dans les milieux scolaires. Elle permet aussi de faire la guerre aux discours de Pharisiens entendus dans la presse et certains salons du personnel scolaire. Il va sans dire aussi que privil\u00e9gier une seule pratique de la liste ne suffirait pas \u00e0 influencer la r\u00e9ussite du plus grand nombre, mais combiner plusieurs pratiques efficaces, avec l\u2019appui de la formation et une r\u00e9flexion partag\u00e9e au sein d\u2019une \u00e9quipe p\u00e9dagogique engag\u00e9e, serait sans aucun doute le gage d\u2019une am\u00e9lioration des performances pour tous les \u00e9l\u00e8ves.<\/p>\n<p style=\"text-align: justify;\">Voici les quinze pratiques les plus performantes\u00a0:<\/p>\n<ol>\n<li>La mise en \u0153uvre d\u2019une \u00e9valuation formative<\/li>\n<li>La clart\u00e9 du discours de l\u2019enseignant<\/li>\n<li>La r\u00e9troaction apport\u00e9e aux \u00e9l\u00e8ves<\/li>\n<li>Les relations entre l\u2019enseignant et les \u00e9l\u00e8ves<\/li>\n<li>Les strat\u00e9gies de m\u00e9ta-cognition<\/li>\n<li>L\u2019auto-verbalisation et l\u2019auto-questionnement des \u00e9l\u00e8ves<\/li>\n<li>Le d\u00e9veloppement professionnel des enseignants<\/li>\n<li>La r\u00e9solution de probl\u00e8mes dans la classe<\/li>\n<li>La mise en \u0153uvre d\u2019une strat\u00e9gie p\u00e9dagogique<\/li>\n<li>L\u2019apprentissage coop\u00e9ratif entre \u00e9l\u00e8ves<\/li>\n<li>L\u2019\u00e9tude pr\u00e9cise des comp\u00e9tences des \u00e9l\u00e8ves<\/li>\n<li>La s\u00e9quence d\u2019enseignement planifi\u00e9e par \u00e9tapes<\/li>\n<li> Le travail des \u00e9l\u00e8ves \u00e0 partir d\u2019exemples concrets<\/li>\n<li>La fixation d\u2019objectifs pr\u00e9cis aux \u00e9l\u00e8ves<\/li>\n<li>Le tutorat par les pairs dans la classe<\/li>\n<\/ol>\n<p style=\"text-align: justify;\"><a href=\"http:\/\/randonnee.effetdesurprise.qc.ca\/wp-content\/uploads\/2011\/03\/tic.png\"><img decoding=\"async\" loading=\"lazy\" class=\"alignleft size-thumbnail wp-image-322\" title=\"tic\" src=\"http:\/\/randonnee.effetdesurprise.qc.ca\/wp-content\/uploads\/2011\/03\/tic-150x150.png\" alt=\"\" width=\"150\" height=\"150\" srcset=\"https:\/\/randonnee.effetdesurprise.qc.ca\/wp-content\/uploads\/2011\/03\/tic-150x150.png 150w, https:\/\/randonnee.effetdesurprise.qc.ca\/wp-content\/uploads\/2011\/03\/tic-300x300.png 300w, https:\/\/randonnee.effetdesurprise.qc.ca\/wp-content\/uploads\/2011\/03\/tic.png 709w\" sizes=\"(max-width: 150px) 100vw, 150px\" \/><\/a>Enfin, pourquoi <a href=\"http:\/\/pedagotic.uqac.ca\/?post\/2010\/09\/30\/Les-enseignants-doivent-ils-s-adapter-face-%C3%A0-la-g%C3%A9n%C3%A9ration-C\" target=\"_blank\">recourir aux TIC,<\/a> ces ressources qui sont prescriptives dans le programme pour d\u00e9velopper les comp\u00e9tences, notamment en fran\u00e7ais, pour \u00ab<em>trouver, valider et partager de l\u2019information, pour concevoir, r\u00e9viser et diffuser des productions orales et \u00e9crites, pour entrer en communication avec des destinataires authentiques et vari\u00e9s<\/em>\u00bb? Bref, pourquoi faire de l&rsquo;\u00e9cole un milieu qui soit en harmonie avec le monde dans lequel sont n\u00e9s ces jeunes de la <a href=\"http:\/\/www.radio-canada.ca\/emissions\/christiane_charette\/2008-2009\/chronique.asp?idChronique=80667\" target=\"_blank\">g\u00e9n\u00e9ration C<\/a>? Pourquoi rendre signifiants leurs apprentissages et faire comme dans la vraie vie?\u00a0 Pourquoi se questionner sur les pratiques p\u00e9dagogiques quand les bonnes vieilles m\u00e9thodes ont fait leurs preuves? <em>\u00abJ&rsquo;ai bien r\u00e9ussi, moi, alors pourquoi pas eux&#8230;?\u00bb<\/em> Le recours aux technologies sert-il r\u00e9ellement \u00e0 pallier des faiblesses, des incomp\u00e9tences, \u00e0 biaiser la r\u00e9ussite de l\u2019\u00e9l\u00e8ve ou plut\u00f4t \u00e0 prouver la capacit\u00e9 \u00e0 mobiliser des strat\u00e9gies et des ressources efficaces pour devenir comp\u00e9tent? Tandis que cellulaires, Internet, iPod, etc. sont ma\u00eetris\u00e9s d\u00e8s leur plus jeune \u00e2ge\u00a0 par nos \u00e9l\u00e8ves, dois-je comprendre que le malaise qu\u2019exprime cet enseignant est sa difficult\u00e9 \u00e0 ma\u00eetriser les TIC et \u00e0 les int\u00e9grer de fa\u00e7on signifiante dans son enseignement? L\u2019unique d\u00e9chirure que je per\u00e7ois, ce n\u2019est pas le foss\u00e9 entre les \u00e9l\u00e8ves, mais plut\u00f4t l&rsquo;ab\u00eeme entre l\u2019enseignant et ses \u00e9l\u00e8ves\u2026<\/p>\n<p><iframe loading=\"lazy\" title=\"YouTube video player\" width=\"500\" height=\"300\" src=\"http:\/\/www.youtube.com\/embed\/kT3dBKIzHNY\" frameborder=\"0\" allowfullscreen><\/iframe><\/p>\n<p style=\"text-align: justify;\">\n<p style=\"text-align: justify;\">En guise de conclusion, je terminerai sur une note positive parce que je suis tr\u00e8s confiante dans ces jeunes que notre syst\u00e8me forme. Je suis intimement persuad\u00e9e que le cheminement qui leur est offert dans leurs parcours scolaires feront d\u2019eux des adultes responsables et comp\u00e9tents, dot\u00e9s de jugement critique, capables de douter et de remettre en question les pratiques \u00e9cul\u00e9es, consid\u00e9rant l\u2019erreur comme un levier \u00e0 l\u2019apprentissage, au progr\u00e8s de la connaissance et des savoir-faire et non comme une faute honteuse, des adultes ouverts \u00e0 la nouveaut\u00e9 et capables de s\u2019adapter aux changements, se servant de tout ce que le monde leur met entre les mains pour collaborer, partager, travailler, cr\u00e9er, soigner, inventer, r\u00e9parer, penser, bref&#8230;\u00a0 r\u00e9ussir.<\/p>\n","protected":false},"excerpt":{"rendered":"<p>\u00abComparaison n\u2019est pas raison\u00bb, dit l\u2019adage populaire. Je vais pourtant commencer par une comparaison parce que le pass\u00e9 peut nous \u00e9clairer ou nous donner certains arguments pour mieux r\u00e9fl\u00e9chir. Vers 1450, Gutenberg invente l\u2019imprimerie. En 1492, Christophe Colomb d\u00e9couvre l\u2019Am\u00e9rique. La m\u00eame ann\u00e9e, De Vinci dessine l\u2019homme de Vitruve. En 1508, Michel-Ange d\u00e9bute la fresque [&hellip;]<\/p>\n","protected":false},"author":2,"featured_media":0,"comment_status":"open","ping_status":"open","sticky":false,"template":"","format":"standard","meta":[],"categories":[1],"tags":[25,19,28,26,27,24],"_links":{"self":[{"href":"https:\/\/randonnee.effetdesurprise.qc.ca\/index.php?rest_route=\/wp\/v2\/posts\/220"}],"collection":[{"href":"https:\/\/randonnee.effetdesurprise.qc.ca\/index.php?rest_route=\/wp\/v2\/posts"}],"about":[{"href":"https:\/\/randonnee.effetdesurprise.qc.ca\/index.php?rest_route=\/wp\/v2\/types\/post"}],"author":[{"embeddable":true,"href":"https:\/\/randonnee.effetdesurprise.qc.ca\/index.php?rest_route=\/wp\/v2\/users\/2"}],"replies":[{"embeddable":true,"href":"https:\/\/randonnee.effetdesurprise.qc.ca\/index.php?rest_route=%2Fwp%2Fv2%2Fcomments&post=220"}],"version-history":[{"count":119,"href":"https:\/\/randonnee.effetdesurprise.qc.ca\/index.php?rest_route=\/wp\/v2\/posts\/220\/revisions"}],"predecessor-version":[{"id":353,"href":"https:\/\/randonnee.effetdesurprise.qc.ca\/index.php?rest_route=\/wp\/v2\/posts\/220\/revisions\/353"}],"wp:attachment":[{"href":"https:\/\/randonnee.effetdesurprise.qc.ca\/index.php?rest_route=%2Fwp%2Fv2%2Fmedia&parent=220"}],"wp:term":[{"taxonomy":"category","embeddable":true,"href":"https:\/\/randonnee.effetdesurprise.qc.ca\/index.php?rest_route=%2Fwp%2Fv2%2Fcategories&post=220"},{"taxonomy":"post_tag","embeddable":true,"href":"https:\/\/randonnee.effetdesurprise.qc.ca\/index.php?rest_route=%2Fwp%2Fv2%2Ftags&post=220"}],"curies":[{"name":"wp","href":"https:\/\/api.w.org\/{rel}","templated":true}]}}