{"id":2003,"date":"2012-06-13T10:25:54","date_gmt":"2012-06-13T15:25:54","guid":{"rendered":"http:\/\/randonnee.effetdesurprise.qc.ca\/?p=2003"},"modified":"2012-06-13T21:07:53","modified_gmt":"2012-06-14T02:07:53","slug":"manipulation-dimages-et-de-sonorites","status":"publish","type":"post","link":"https:\/\/randonnee.effetdesurprise.qc.ca\/?p=2003","title":{"rendered":"Manipulation d&rsquo;images et de sonorit\u00e9s"},"content":{"rendered":"<p style=\"text-align: justify;\"><a href=\"http:\/\/randonnee.effetdesurprise.qc.ca\/wp-content\/uploads\/2012\/06\/Capture-d\u2019\u00e9cran-2012-06-13-\u00e0-11.16.45.png\"><img decoding=\"async\" loading=\"lazy\" class=\"alignleft size-thumbnail wp-image-2009\" title=\"Capture d\u2019\u00e9cran 2012-06-13 \u00e0 11.16.45\" src=\"http:\/\/randonnee.effetdesurprise.qc.ca\/wp-content\/uploads\/2012\/06\/Capture-d\u2019\u00e9cran-2012-06-13-\u00e0-11.16.45-150x150.png\" alt=\"\" width=\"150\" height=\"150\" \/><\/a>En ce bel apr\u00e8s-midi de juin, j&rsquo;ai eu la chance de suivre un <a href=\"http:\/\/www.websterls.com\/index.php\/ateliers-2\" target=\"_blank\">atelier<\/a> avec un ancien \u00e9l\u00e8ve de l&rsquo;\u00e9cole secondaire Jean-de-Br\u00e9beuf, Aly Ndiaye alias\u00a0<a href=\"http:\/\/www.websterls.com\/\" target=\"_blank\">Webster<\/a> qui venait rencontrer\u00a0les \u00e9l\u00e8ves de 5e secondaire de cette m\u00eame \u00e9cole situ\u00e9e\u00a0\u00e0 Limoilou (Qu\u00e9bec).<\/p>\n<p style=\"text-align: justify;\">Apr\u00e8s quelques pr\u00e9cisions sur son <a href=\"http:\/\/www.websterls.com\/index.php\/biographie-2\" target=\"_blank\">parcours personnel<\/a> et sur des \u00e9l\u00e9ments-cl\u00e9s utilis\u00e9s dans l&rsquo;\u00e9criture des textes de ses chansons, <a href=\"http:\/\/fr.wikipedia.org\/wiki\/Rime\" target=\"_blank\">suffisance des rimes<\/a> et <a href=\"http:\/\/fr.wikipedia.org\/wiki\/Allit%C3%A9ration\" target=\"_blank\">allit\u00e9ration<\/a> notamment, Webster nous invite \u00e0 nous laisser porter par le tempo d&rsquo;une m\u00e9lodie\u00a0pour nous stimuler la muse durant\u00a010 minutes consacr\u00e9es \u00e0 l&rsquo;\u00e9criture spontan\u00e9e d&rsquo;un texte suivant une consigne pr\u00e9cise qui nous permet de jouer avec la manipulation des images et des sonorit\u00e9s, ch\u00e8re \u00e0 Webster dans la composition de ses chansons.<\/p>\n<p style=\"text-align: justify;\">Webster fait piger au hasard dans le dictionnaire un mot. Il s&rsquo;agit de \u00abd\u00e9tournement\u00bb. Ensuite, on trouve des mots qui riment avec ce dernier. Webster les inscrit sur le tableau et nous invite \u00e0 composer un texte o\u00f9 ce mot figurera ainsi que d&rsquo;autres rimant avec lui.<\/p>\n<p style=\"text-align: justify;\">&nbsp;<\/p>\n<p style=\"text-align: justify;\">Voici donc le texte que j&rsquo;ai \u00e9crit pour ce premier d\u00e9fi.<\/p>\n<p style=\"text-align: justify;\">&nbsp;<\/p>\n<p style=\"text-align: center;\"><em>Sur la lame infinie de la vague<\/em><\/p>\n<p style=\"text-align: center;\"><em>Vois le radeau de mon \u00e2me qui divague<\/em><\/p>\n<p style=\"text-align: center;\"><em>Catastrophe humaine, voie de d\u00e9tournement<\/em><\/p>\n<p style=\"text-align: center;\"><em>Vide, ab\u00eeme, silence, rouleau blanc sans plus de d\u00e9roulement<\/em><\/p>\n<p style=\"text-align: center;\"><em>T&rsquo;as beau lancer ta ligne<\/em><\/p>\n<p style=\"text-align: center;\"><em>Y a pas un poisson qui s&rsquo;enligne<\/em><\/p>\n<p style=\"text-align: center;\"><em>Fatal, fatal, fatalit\u00e9<\/em><\/p>\n<p style=\"text-align: center;\"><em>T&rsquo;es mort sans m\u00eame avoir p\u00e9ch\u00e9.<\/em><\/p>\n<p style=\"text-align: center;\"><em><a href=\"http:\/\/randonnee.effetdesurprise.qc.ca\/wp-content\/uploads\/2012\/06\/IMG_2159.jpg\"><img decoding=\"async\" loading=\"lazy\" class=\"aligncenter size-thumbnail wp-image-2004\" title=\"IMG_2159\" src=\"http:\/\/randonnee.effetdesurprise.qc.ca\/wp-content\/uploads\/2012\/06\/IMG_2159-150x150.jpg\" alt=\"\" width=\"150\" height=\"150\" \/><\/a><br \/>\n<\/em><\/p>\n<p>&nbsp;<\/p>\n<p style=\"text-align: justify;\">Le deuxi\u00e8me d\u00e9fi auquel Webster nous a convi\u00e9s \u00e9tait de jouer avec les figures de style, les plus simples, la comparaison et la m\u00e9taphore, en s&rsquo;inspirant du th\u00e8me de la nature.<\/p>\n<p style=\"text-align: justify;\">Et \u00e7a a donn\u00e9 \u00e7a :<\/p>\n<p style=\"text-align: center;\"><em>Croque-matin<\/em><\/p>\n<p style=\"text-align: center;\"><em>Si la Terre \u00e9tait une orange<\/em><\/p>\n<p style=\"text-align: center;\"><em>Les hommes seraient des p\u00e9pins.<\/em><\/p>\n<p style=\"text-align: center;\"><em>Petites p\u00e9pites de couleur<\/em><\/p>\n<p style=\"text-align: center;\"><em>Qui enchantent le d\u00e9cor<\/em><\/p>\n<p style=\"text-align: center;\"><em>Comme des grains de caf\u00e9 aux ar\u00f4mes vari\u00e9s<\/em><\/p>\n<p style=\"text-align: center;\"><em>Le matin \u00e0 mon petit d\u00e9jeuner.<\/em><\/p>\n<p style=\"text-align: center;\"><em>Je sens la palme de ton corps onduler<\/em><\/p>\n<p style=\"text-align: center;\"><em>Sous la paume de ma main \u00e9veill\u00e9e<\/em><\/p>\n<p style=\"text-align: center;\"><em>Ta peau s&rsquo;\u00e9lectrise&#8230;<\/em><\/p>\n<p style=\"text-align: center;\"><em>Sensualit\u00e9 qui attise<\/em><\/p>\n<p style=\"text-align: center;\"><em>Le d\u00e9sir<\/em><\/p>\n<p style=\"text-align: center;\"><em>Je me tais.<\/em><\/p>\n<p style=\"text-align: center;\"><em>Censur\u00e9!<\/em><\/p>\n<p style=\"text-align: center;\"><em><a href=\"http:\/\/randonnee.effetdesurprise.qc.ca\/wp-content\/uploads\/2012\/06\/6A19C76A-78D2-4B46-9A3A-7D4DEE9DF795.jpg\"><img decoding=\"async\" loading=\"lazy\" class=\"aligncenter size-thumbnail wp-image-2006\" title=\"6A19C76A-78D2-4B46-9A3A-7D4DEE9DF795\" src=\"http:\/\/randonnee.effetdesurprise.qc.ca\/wp-content\/uploads\/2012\/06\/6A19C76A-78D2-4B46-9A3A-7D4DEE9DF795-150x150.jpg\" alt=\"\" width=\"150\" height=\"150\" srcset=\"https:\/\/randonnee.effetdesurprise.qc.ca\/wp-content\/uploads\/2012\/06\/6A19C76A-78D2-4B46-9A3A-7D4DEE9DF795-150x150.jpg 150w, https:\/\/randonnee.effetdesurprise.qc.ca\/wp-content\/uploads\/2012\/06\/6A19C76A-78D2-4B46-9A3A-7D4DEE9DF795-300x300.jpg 300w, https:\/\/randonnee.effetdesurprise.qc.ca\/wp-content\/uploads\/2012\/06\/6A19C76A-78D2-4B46-9A3A-7D4DEE9DF795.jpg 700w\" sizes=\"(max-width: 150px) 100vw, 150px\" \/><\/a><br \/>\n<\/em><\/p>\n<p>&nbsp;<\/p>\n<p>Enfin, pour clore l&rsquo;apr\u00e8s-midi, il fallait parler d&rsquo;un personnage c\u00e9l\u00e8bre fictif ou r\u00e9el en ne pronon\u00e7ant jamais son nom, mais en le faisant deviner par le jeu des p\u00e9riphrases et des r\u00e9f\u00e9rents culturels.<\/p>\n<p>Alors qui suis-je?<\/p>\n<p style=\"text-align: center;\"><em>Je suis connu comme la peste<\/em><\/p>\n<p style=\"text-align: center;\"><em>Personne me parle<\/em><\/p>\n<p style=\"text-align: center;\"><em>Tout le monde me d\u00e9teste<\/em><\/p>\n<p style=\"text-align: center;\"><em>J&rsquo;ai les <\/em><em>dents longues et le poil hirsute<\/em><\/p>\n<p style=\"text-align: center;\"><em>La voix rauque et une gueule de brute<\/em><\/p>\n<p style=\"text-align: center;\"><em>Je suis grand<\/em><\/p>\n<p style=\"text-align: center;\"><em>Je suis m\u00e9chant<\/em><\/p>\n<p style=\"text-align: center;\"><em>J&rsquo;aime la chair tendre et\u00a0rose<\/em><\/p>\n<p style=\"text-align: center;\"><em>Des cochons<\/em><\/p>\n<p style=\"text-align: center;\"><em>Du chaperon<\/em><\/p>\n<p style=\"text-align: center;\"><em>De tous ceux qui osent<\/em><\/p>\n<p style=\"text-align: center;\"><em>Entrer dans le bois<\/em><\/p>\n<p style=\"text-align: center;\"><em>Sans fusil, sans chien , sans foi ni loi.<\/em><\/p>\n<p style=\"text-align: center;\"><em><br \/>\n<\/em><\/p>\n<p style=\"text-align: center;\"><a href=\"http:\/\/randonnee.effetdesurprise.qc.ca\/wp-content\/uploads\/2012\/06\/point.jpeg\"><img decoding=\"async\" loading=\"lazy\" class=\"aligncenter size-full wp-image-2008\" title=\"point\" src=\"http:\/\/randonnee.effetdesurprise.qc.ca\/wp-content\/uploads\/2012\/06\/point.jpeg\" alt=\"\" width=\"140\" height=\"140\" \/><\/a><\/p>\n","protected":false},"excerpt":{"rendered":"<p>En ce bel apr\u00e8s-midi de juin, j&rsquo;ai eu la chance de suivre un atelier avec un ancien \u00e9l\u00e8ve de l&rsquo;\u00e9cole secondaire Jean-de-Br\u00e9beuf, Aly Ndiaye alias\u00a0Webster qui venait rencontrer\u00a0les \u00e9l\u00e8ves de 5e secondaire de cette m\u00eame \u00e9cole situ\u00e9e\u00a0\u00e0 Limoilou (Qu\u00e9bec). Apr\u00e8s quelques pr\u00e9cisions sur son parcours personnel et sur des \u00e9l\u00e9ments-cl\u00e9s utilis\u00e9s dans l&rsquo;\u00e9criture des textes [&hellip;]<\/p>\n","protected":false},"author":2,"featured_media":0,"comment_status":"open","ping_status":"open","sticky":false,"template":"","format":"standard","meta":[],"categories":[6],"tags":[47,12,31],"_links":{"self":[{"href":"https:\/\/randonnee.effetdesurprise.qc.ca\/index.php?rest_route=\/wp\/v2\/posts\/2003"}],"collection":[{"href":"https:\/\/randonnee.effetdesurprise.qc.ca\/index.php?rest_route=\/wp\/v2\/posts"}],"about":[{"href":"https:\/\/randonnee.effetdesurprise.qc.ca\/index.php?rest_route=\/wp\/v2\/types\/post"}],"author":[{"embeddable":true,"href":"https:\/\/randonnee.effetdesurprise.qc.ca\/index.php?rest_route=\/wp\/v2\/users\/2"}],"replies":[{"embeddable":true,"href":"https:\/\/randonnee.effetdesurprise.qc.ca\/index.php?rest_route=%2Fwp%2Fv2%2Fcomments&post=2003"}],"version-history":[{"count":4,"href":"https:\/\/randonnee.effetdesurprise.qc.ca\/index.php?rest_route=\/wp\/v2\/posts\/2003\/revisions"}],"predecessor-version":[{"id":2012,"href":"https:\/\/randonnee.effetdesurprise.qc.ca\/index.php?rest_route=\/wp\/v2\/posts\/2003\/revisions\/2012"}],"wp:attachment":[{"href":"https:\/\/randonnee.effetdesurprise.qc.ca\/index.php?rest_route=%2Fwp%2Fv2%2Fmedia&parent=2003"}],"wp:term":[{"taxonomy":"category","embeddable":true,"href":"https:\/\/randonnee.effetdesurprise.qc.ca\/index.php?rest_route=%2Fwp%2Fv2%2Fcategories&post=2003"},{"taxonomy":"post_tag","embeddable":true,"href":"https:\/\/randonnee.effetdesurprise.qc.ca\/index.php?rest_route=%2Fwp%2Fv2%2Ftags&post=2003"}],"curies":[{"name":"wp","href":"https:\/\/api.w.org\/{rel}","templated":true}]}}