{"id":1686,"date":"2012-01-27T00:38:48","date_gmt":"2012-01-27T05:38:48","guid":{"rendered":"http:\/\/randonnee.effetdesurprise.qc.ca\/?p=1686"},"modified":"2012-01-27T12:18:34","modified_gmt":"2012-01-27T17:18:34","slug":"de-la-musique-avant-toute-chose","status":"publish","type":"post","link":"https:\/\/randonnee.effetdesurprise.qc.ca\/?p=1686","title":{"rendered":"De la musique avant toute chose&#8230;"},"content":{"rendered":"<p style=\"text-align: right;\"><a href=\"http:\/\/randonnee.effetdesurprise.qc.ca\/wp-content\/uploads\/2012\/01\/photo.jpg\"><img decoding=\"async\" loading=\"lazy\" class=\"alignleft size-thumbnail wp-image-1665\" title=\"photo\" src=\"http:\/\/randonnee.effetdesurprise.qc.ca\/wp-content\/uploads\/2012\/01\/photo-150x150.jpg\" alt=\"\" width=\"150\" height=\"150\" \/><\/a><em>&#8230;ou quand la valeur n&rsquo;attend pas le nombre des ann\u00e9es<\/em><\/p>\n<p style=\"text-align: justify;\">Ce soir, 26 janvier 2012, ils \u00e9taient cinquante. Cinquante jeunes, des hauts comme trois pommes, avec m\u00eame pas deux chiffres \u00e0 leur \u00e2ge et des plus vieux, des graines d&rsquo;ados, r\u00e9unis dans quatre groupes pour se partager la sc\u00e8ne, les instruments, les micros et surtout les bravos parce que Gad, Flexobob, Zone 51 et Les Metallic, ils les m\u00e9ritaient nos applaudissements ainsi que tous ceux, parents comme \u00e9ducateurs, qui les ont soutenus, encourag\u00e9s, tous ceux qui se sont d\u00e9vou\u00e9s pour qu&rsquo;ils puissent vivre un lancement d&rsquo;album digne de ce nom et qu&rsquo;on salue leur travail, leur pers\u00e9v\u00e9rance et leur talent.<\/p>\n<p style=\"text-align: justify;\">S\u00e9rieux, joyeux, concentr\u00e9s, enthousiastes, f\u00e9briles, pleins d&rsquo;\u00e9nergie et surtout fiers de tous les efforts accomplis pendant les quatre derniers mois pour apprendre \u00e0 jouer de la guitare, du clavier, de la batterie, des percussions, \u00e0 chanter en fran\u00e7ais, en anglais, ils ont encha\u00een\u00e9 avec brio comme des pros des succ\u00e8s d&rsquo;hier et d&rsquo;aujourd&rsquo;hui (Ad\u00e8le, Katie Perry, Lio, Niagara entre autres et leurs propres compositions),\u00a0pas g\u00ean\u00e9s pour cinq cennes,\u00a0interrompant\u00a0<em>Les cactus<\/em> de Dutronc par une petite blague, chor\u00e9graphiant des pas de danse sur LMFAO&#8230; Bref, IMPRESSIONNANTS!<\/p>\n<p style=\"text-align: justify;\">Moi, je swinguais sur leurs notes, et je me suis dit, en les \u00e9coutant, que j&rsquo;avais la chance de faire le \u00abpluss\u00bb beau m\u00e9tier du monde, celui qui donnait l&rsquo;occasion d&rsquo;aider des jeunes \u00e0 s&rsquo;\u00e9panouir, \u00e0 trouver leur \u00abvoix\u00bb, celui o\u00f9 on pouvait avoir l&rsquo;audace de croire en ses r\u00eaves, de les r\u00e9aliser et de constater qu&rsquo;il n&rsquo;y a pas que dans les contes de f\u00e9es que les fins sont heureuses, que, des fois, dans la vie aussi, \u00e7a existe pour vrai, comme ce soir.<\/p>\n<p style=\"text-align: justify;\">D&rsquo;ailleurs, je suis pr\u00eate \u00e0 parier que Jean-S\u00e9bastien Boies, l&rsquo;instigateur du projet <a href=\"http:\/\/recit.cscapitale.qc.ca\/aventure\/IMG\/pdf\/Brochure_Web_2012-2013.pdf\" target=\"_blank\">Amplisson<\/a>, qui a accompagn\u00e9, avec d&rsquo;autres professionnels, ces enfants de <a href=\"http:\/\/recit.cscapitale.qc.ca\/aventure\/spip.php?rubrique90\" target=\"_blank\">l\u2019\u00e9cole institutionnelle de l\u2019Arc-en-Ciel et de l\u2019Aventure<\/a> depuis l&rsquo;hiver 2010, a su cr\u00e9er un r\u00e9el engouement \u00e0 voir les yeux des plus jeunes briller en regardant leurs a\u00een\u00e9s sur la sc\u00e8ne et que la rel\u00e8ve est assur\u00e9e pour l&rsquo;ann\u00e9e prochaine. Longue vie \u00e0 Amplisson et comme le propose <a href=\"http:\/\/voir.ca\/mario-asselin\/2012\/01\/26\/amplisson-de-la-cour-d%E2%80%99ecole-a-la-scene\/\" target=\"_blank\">Mario Asselin<\/a> \u00ab<em>pourquoi n\u2019aurait-on pas un genre de \u00ab C\u00e9gep en spectacle \u00bb au primaire pour les apprentis-musiciens qui ont d\u00e9j\u00e0, \u00e0 dix ou onze ans, la gestuelle typique des vedettes du pop-rock !<\/em>\u00bb<\/p>\n<p style=\"text-align: justify;\">Je laisse le mot de la fin \u00e0 un grand po\u00e8te qui avait lui aussi le sens du rythme, Monsieur Paul Verlaine qui \u00e9crivait dans son Art po\u00e9tique \u00ab<em>De la musique encore et toujours ! [&#8230;]\u00a0Et tout le reste est litt\u00e9rature<\/em>.\u00bb<\/p>\n<p style=\"text-align: justify;\">Musique, maestro!<\/p>\n<p><iframe loading=\"lazy\" width=\"500\" height=\"300\" src=\"http:\/\/www.youtube.com\/embed\/ll6B-lMAsLs\" frameborder=\"0\" allowfullscreen><\/iframe><\/p>\n<p style=\"text-align: justify;\">&nbsp;<\/p>\n","protected":false},"excerpt":{"rendered":"<p>&#8230;ou quand la valeur n&rsquo;attend pas le nombre des ann\u00e9es Ce soir, 26 janvier 2012, ils \u00e9taient cinquante. Cinquante jeunes, des hauts comme trois pommes, avec m\u00eame pas deux chiffres \u00e0 leur \u00e2ge et des plus vieux, des graines d&rsquo;ados, r\u00e9unis dans quatre groupes pour se partager la sc\u00e8ne, les instruments, les micros et surtout [&hellip;]<\/p>\n","protected":false},"author":2,"featured_media":0,"comment_status":"open","ping_status":"open","sticky":false,"template":"","format":"standard","meta":[],"categories":[6],"tags":[11,22,24,18],"_links":{"self":[{"href":"https:\/\/randonnee.effetdesurprise.qc.ca\/index.php?rest_route=\/wp\/v2\/posts\/1686"}],"collection":[{"href":"https:\/\/randonnee.effetdesurprise.qc.ca\/index.php?rest_route=\/wp\/v2\/posts"}],"about":[{"href":"https:\/\/randonnee.effetdesurprise.qc.ca\/index.php?rest_route=\/wp\/v2\/types\/post"}],"author":[{"embeddable":true,"href":"https:\/\/randonnee.effetdesurprise.qc.ca\/index.php?rest_route=\/wp\/v2\/users\/2"}],"replies":[{"embeddable":true,"href":"https:\/\/randonnee.effetdesurprise.qc.ca\/index.php?rest_route=%2Fwp%2Fv2%2Fcomments&post=1686"}],"version-history":[{"count":103,"href":"https:\/\/randonnee.effetdesurprise.qc.ca\/index.php?rest_route=\/wp\/v2\/posts\/1686\/revisions"}],"predecessor-version":[{"id":1786,"href":"https:\/\/randonnee.effetdesurprise.qc.ca\/index.php?rest_route=\/wp\/v2\/posts\/1686\/revisions\/1786"}],"wp:attachment":[{"href":"https:\/\/randonnee.effetdesurprise.qc.ca\/index.php?rest_route=%2Fwp%2Fv2%2Fmedia&parent=1686"}],"wp:term":[{"taxonomy":"category","embeddable":true,"href":"https:\/\/randonnee.effetdesurprise.qc.ca\/index.php?rest_route=%2Fwp%2Fv2%2Fcategories&post=1686"},{"taxonomy":"post_tag","embeddable":true,"href":"https:\/\/randonnee.effetdesurprise.qc.ca\/index.php?rest_route=%2Fwp%2Fv2%2Ftags&post=1686"}],"curies":[{"name":"wp","href":"https:\/\/api.w.org\/{rel}","templated":true}]}}